{"id":3054,"date":"2025-06-19T10:06:24","date_gmt":"2025-06-19T08:06:24","guid":{"rendered":"https:\/\/www.ruby-services.com\/?p=3054"},"modified":"2026-04-21T15:58:15","modified_gmt":"2026-04-21T13:58:15","slug":"excursions-a-cannes-avec-un-chauffeur-prive","status":"publish","type":"post","link":"https:\/\/www.ruby-services.com\/fr\/excursions-a-cannes-avec-un-chauffeur-prive\/","title":{"rendered":"Excursions \u00e0 Cannes avec un Chauffeur Priv\u00e9"},"content":{"rendered":"<p><div class=\"fusion-fullwidth fullwidth-box fusion-builder-row-1 fusion-flex-container has-pattern-background has-mask-background nonhundred-percent-fullwidth non-hundred-percent-height-scrolling\" style=\"--awb-border-radius-top-left:0px;--awb-border-radius-top-right:0px;--awb-border-radius-bottom-right:0px;--awb-border-radius-bottom-left:0px;--awb-padding-right:0px;--awb-padding-bottom:0px;--awb-padding-left:0px;--awb-margin-bottom:0px;--awb-flex-wrap:wrap;\" ><div class=\"fusion-builder-row fusion-row fusion-flex-align-items-flex-start fusion-flex-content-wrap\" style=\"max-width:calc( 1280px + );margin-left: calc(- \/ 2 );margin-right: calc(- \/ 2 );\"><div class=\"fusion-layout-column fusion_builder_column fusion-builder-column-0 fusion_builder_column_1_1 1_1 fusion-flex-column\" style=\"--awb-padding-right:32px;--awb-padding-bottom:32px;--awb-padding-left:32px;--awb-padding-right-medium:32px;--awb-padding-bottom-medium:10px;--awb-padding-left-medium:32px;--awb-padding-right-small:16px;--awb-padding-bottom-small:32px;--awb-padding-left-small:16px;--awb-bg-size:cover;--awb-width-large:100%;--awb-margin-top-large:0px;--awb-spacing-right-large:0px;--awb-margin-bottom-large:0px;--awb-spacing-left-large:0px;--awb-width-medium:100%;--awb-order-medium:0;--awb-spacing-right-medium:0px;--awb-spacing-left-medium:0px;--awb-width-small:100%;--awb-order-small:0;\" data-scroll-devices=\"small-visibility,medium-visibility,large-visibility\"><div class=\"fusion-column-wrapper fusion-column-has-shadow fusion-flex-justify-content-flex-start fusion-content-layout-column\"><div class=\"fusion-text fusion-text-1 article-lead\" style=\"--awb-font-size:20px;--awb-line-height:125%;--awb-letter-spacing:var(--awb-custom_typography_2-letter-spacing);--awb-text-transform:var(--awb-custom_typography_2-text-transform);--awb-text-font-family:&quot;Didact Gothic&quot;;--awb-text-font-style:normal;--awb-text-font-weight:400;\"><p>Imaginez une journ\u00e9e o\u00f9 chaque instant est con\u00e7u autour de votre confort et de vos d\u00e9sirs. Une journ\u00e9e o\u00f9 vous explorez les tr\u00e9sors de Cannes et de ses environs sans le moindre souci, en toute s\u00e9r\u00e9nit\u00e9, install\u00e9 dans une voiture de luxe.<\/p>\n<p>Les environs de Cannes regorgent de villages perch\u00e9s, de routes panoramiques, et d&rsquo;exp\u00e9riences uniques qui ne demandent qu&rsquo;\u00e0 \u00eatre explor\u00e9s. Gr\u00e2ce \u00e0 un service de chauffeur priv\u00e9, vous pouvez vivre une journ\u00e9e sur mesure, o\u00f9 chaque d\u00e9tail est pris en compte pour sublimer votre exp\u00e9rience.<\/p>\n<\/div><\/div><\/div><\/div><\/div><div class=\"fusion-fullwidth fullwidth-box fusion-builder-row-2 fusion-flex-container has-pattern-background has-mask-background nonhundred-percent-fullwidth non-hundred-percent-height-scrolling\" style=\"--awb-border-radius-top-left:0px;--awb-border-radius-top-right:0px;--awb-border-radius-bottom-right:0px;--awb-border-radius-bottom-left:0px;--awb-padding-top:0px;--awb-padding-right:0px;--awb-padding-bottom:0px;--awb-padding-left:0px;--awb-flex-wrap:wrap;\" id=\"transfert-tous-les-aeroports\" ><div class=\"fusion-builder-row fusion-row fusion-flex-align-items-flex-start fusion-flex-content-wrap\" style=\"max-width:calc( 1280px + );margin-left: calc(- \/ 2 );margin-right: calc(- \/ 2 );\"><div class=\"fusion-layout-column fusion_builder_column fusion-builder-column-1 fusion_builder_column_1_1 1_1 fusion-flex-column\" style=\"--awb-padding-top:32px;--awb-padding-right:32px;--awb-padding-bottom:32px;--awb-padding-left:32px;--awb-padding-top-medium:32px;--awb-padding-right-medium:32px;--awb-padding-bottom-medium:32px;--awb-padding-left-medium:32px;--awb-padding-top-small:32px;--awb-padding-right-small:16px;--awb-padding-bottom-small:32px;--awb-padding-left-small:16px;--awb-bg-size:cover;--awb-width-large:100%;--awb-margin-top-large:0px;--awb-spacing-right-large:0px;--awb-margin-bottom-large:0px;--awb-spacing-left-large:0px;--awb-width-medium:100%;--awb-order-medium:0;--awb-spacing-right-medium:0px;--awb-spacing-left-medium:0px;--awb-width-small:100%;--awb-order-small:0;\" data-scroll-devices=\"small-visibility,medium-visibility,large-visibility\"><div class=\"fusion-column-wrapper fusion-column-has-shadow fusion-flex-justify-content-flex-start fusion-content-layout-column\"><div class=\"fusion-title title fusion-title-1 fusion-sep-none fusion-title-text fusion-title-size-two article-title-h2\" style=\"--awb-text-color:var(--awb-color4);--awb-margin-top-small:10px;--awb-margin-right-small:0px;--awb-margin-bottom-small:10px;--awb-margin-left-small:0px;--awb-font-size:var(--awb-custom_typography_1-font-size);\"><h2 class=\"fusion-title-heading title-heading-left\" style=\"font-family:var(--awb-custom_typography_1-font-family);font-weight:var(--awb-custom_typography_1-font-weight);font-style:var(--awb-custom_typography_1-font-style);margin:0;letter-spacing:var(--awb-custom_typography_1-letter-spacing);text-transform:var(--awb-custom_typography_1-text-transform);font-size:1em;line-height:95%;\">1. Pourquoi choisir un chauffeur priv\u00e9 pour d\u00e9couvrir Cannes et ses environs ?<\/h2><\/div><div class=\"fusion-text fusion-text-2 article-body\" style=\"--awb-font-size:1rem;--awb-line-height:var(--awb-custom_typography_3-line-height);--awb-letter-spacing:var(--awb-custom_typography_3-letter-spacing);--awb-text-transform:var(--awb-custom_typography_3-text-transform);--awb-margin-top:20px;--awb-text-font-family:&quot;Didact Gothic&quot;;--awb-text-font-style:normal;--awb-text-font-weight:400;\"><p>La C\u00f4te d&rsquo;Azur, aussi fascinante soit-elle, peut rapidement devenir un d\u00e9dale de routes sinueuses et de ruelles anim\u00e9es. C&rsquo;est l\u00e0 qu&rsquo;intervient la valeur ajout\u00e9e d&rsquo;un chauffeur priv\u00e9. En choisissant ce service, vous avez la libert\u00e9 de savourer chaque moment, sans les contraintes habituelles du voyage.<\/p>\n<p>Imaginez-vous \u00e0 bord d&rsquo;un v\u00e9hicule d&rsquo;exception, qu&rsquo;il s&rsquo;agisse d&rsquo;une berline au confort feutr\u00e9 ou d&rsquo;un van aux dimensions g\u00e9n\u00e9reuses, et parcourez la C\u00f4te d&rsquo;Azur avec une aisance rare, immerg\u00e9 dans un univers de calme et de s\u00e9r\u00e9nit\u00e9. Votre <a href=\"https:\/\/www.ruby-services.com\/fr\/chauffeur-prive\/cannes\/\">chauffeur priv\u00e9 \u00e0 Cannes<\/a>, discret et professionnel sera un v\u00e9ritable guide, expert de la r\u00e9gion. Au fil de votre parcours, il \u00e9maillera votre exp\u00e9rience de r\u00e9cits captivants et d&rsquo;anecdotes m\u00e9connues sur les lieux embl\u00e9matiques et secrets de la Riviera. Vous serez conseill\u00e9 avec soin pour s\u00e9lectionner une table d&rsquo;exception surplombant la M\u00e9diterran\u00e9e ou d\u00e9couvrir un village pr\u00e9serv\u00e9 du tourisme de masse<\/p>\n<p>Plus besoin de vous soucier des itin\u00e9raires, votre journ\u00e9e est enti\u00e8rement organis\u00e9e selon vos pr\u00e9f\u00e9rences.\u00a0 C&rsquo;est un choix qui vous garantit le confort, mais aussi une exp\u00e9rience unique, personnalis\u00e9e et sur-mesure. Vous \u00eates libre de modifier votre itin\u00e9raire \u00e0 tout moment, de faire des arr\u00eats impr\u00e9vus ou de prolonger votre visite dans un endroit qui vous s\u00e9duit particuli\u00e8rement.<\/p>\n<p>Pour enrichir davantage votre immersion, vous avez \u00e9galement la possibilit\u00e9 de faire appel \u00e0 un guide officiel de la r\u00e9gion, fin connaisseur de son histoire et de son patrimoine, pour une exploration encore plus approfondie des tr\u00e9sors culturels qui jalonnent votre parcours.<\/p>\n<\/div><\/div><\/div><\/div><\/div><div class=\"fusion-fullwidth fullwidth-box fusion-builder-row-3 fusion-flex-container has-pattern-background has-mask-background nonhundred-percent-fullwidth non-hundred-percent-height-scrolling\" style=\"--awb-border-radius-top-left:0px;--awb-border-radius-top-right:0px;--awb-border-radius-bottom-right:0px;--awb-border-radius-bottom-left:0px;--awb-padding-right:0px;--awb-padding-left:0px;--awb-flex-wrap:wrap;\" ><div class=\"fusion-builder-row fusion-row fusion-flex-align-items-flex-start fusion-flex-content-wrap\" style=\"max-width:calc( 1280px + );margin-left: calc(- \/ 2 );margin-right: calc(- \/ 2 );\"><div class=\"fusion-layout-column fusion_builder_column fusion-builder-column-2 fusion_builder_column_1_1 1_1 fusion-flex-column\" style=\"--awb-bg-size:cover;--awb-width-large:100%;--awb-margin-top-large:0px;--awb-spacing-right-large:0px;--awb-margin-bottom-large:0px;--awb-spacing-left-large:0px;--awb-width-medium:100%;--awb-order-medium:0;--awb-spacing-right-medium:0px;--awb-spacing-left-medium:0px;--awb-width-small:100%;--awb-order-small:0;\"><div class=\"fusion-column-wrapper fusion-column-has-shadow fusion-flex-justify-content-flex-start fusion-content-layout-column\"><div class=\"fusion-image-element \" style=\"--awb-caption-title-font-family:var(--h2_typography-font-family);--awb-caption-title-font-weight:var(--h2_typography-font-weight);--awb-caption-title-font-style:var(--h2_typography-font-style);--awb-caption-title-size:var(--h2_typography-font-size);--awb-caption-title-transform:var(--h2_typography-text-transform);--awb-caption-title-line-height:var(--h2_typography-line-height);--awb-caption-title-letter-spacing:var(--h2_typography-letter-spacing);\"><span class=\" fusion-imageframe imageframe-none imageframe-1 hover-type-none\"><img decoding=\"async\" width=\"2400\" height=\"1601\" alt=\"Vue arri\u00e8re d\u2019une berline de luxe Mercedes Classe S circulant sur une route panoramique surplombant la M\u00e9diterran\u00e9e, avec vue sur la c\u00f4te azur\u00e9enne et les collines en arri\u00e8re-plan. Un cadre id\u00e9al pour une excursion avec chauffeur priv\u00e9.\" title=\"excursions-a-cannes-avec-un-chauffeur-prive-decouverte-de-cannes-chauffeur-prive-a-cannes\" src=\"https:\/\/www.ruby-services.com\/wp-content\/uploads\/2025\/06\/excursions-a-cannes-avec-un-chauffeur-prive-decouverte-de-cannes-chauffeur-prive-a-cannes.webp\" data-orig-src=\"https:\/\/www.ruby-services.com\/wp-content\/uploads\/2025\/06\/excursions-a-cannes-avec-un-chauffeur-prive-decouverte-de-cannes-chauffeur-prive-a-cannes.webp\" class=\"lazyload img-responsive wp-image-3062\" srcset=\"data:image\/svg+xml,%3Csvg%20xmlns%3D%27http%3A%2F%2Fwww.w3.org%2F2000%2Fsvg%27%20width%3D%272400%27%20height%3D%271601%27%20viewBox%3D%270%200%202400%201601%27%3E%3Crect%20width%3D%272400%27%20height%3D%271601%27%20fill-opacity%3D%220%22%2F%3E%3C%2Fsvg%3E\" data-srcset=\"https:\/\/www.ruby-services.com\/wp-content\/uploads\/2025\/06\/excursions-a-cannes-avec-un-chauffeur-prive-decouverte-de-cannes-chauffeur-prive-a-cannes-200x133.webp 200w, https:\/\/www.ruby-services.com\/wp-content\/uploads\/2025\/06\/excursions-a-cannes-avec-un-chauffeur-prive-decouverte-de-cannes-chauffeur-prive-a-cannes-400x267.webp 400w, https:\/\/www.ruby-services.com\/wp-content\/uploads\/2025\/06\/excursions-a-cannes-avec-un-chauffeur-prive-decouverte-de-cannes-chauffeur-prive-a-cannes-600x400.webp 600w, https:\/\/www.ruby-services.com\/wp-content\/uploads\/2025\/06\/excursions-a-cannes-avec-un-chauffeur-prive-decouverte-de-cannes-chauffeur-prive-a-cannes-800x534.webp 800w, https:\/\/www.ruby-services.com\/wp-content\/uploads\/2025\/06\/excursions-a-cannes-avec-un-chauffeur-prive-decouverte-de-cannes-chauffeur-prive-a-cannes-1200x801.webp 1200w, https:\/\/www.ruby-services.com\/wp-content\/uploads\/2025\/06\/excursions-a-cannes-avec-un-chauffeur-prive-decouverte-de-cannes-chauffeur-prive-a-cannes.webp 2400w\" data-sizes=\"auto\" data-orig-sizes=\"(max-width: 768px) 100vw, 2400px\" \/><\/span><\/div><\/div><\/div><\/div><\/div><div class=\"fusion-fullwidth fullwidth-box fusion-builder-row-4 fusion-flex-container has-pattern-background has-mask-background nonhundred-percent-fullwidth non-hundred-percent-height-scrolling\" style=\"--awb-border-radius-top-left:0px;--awb-border-radius-top-right:0px;--awb-border-radius-bottom-right:0px;--awb-border-radius-bottom-left:0px;--awb-padding-top:32px;--awb-padding-right:32px;--awb-padding-bottom:32px;--awb-padding-left:32px;--awb-padding-top-medium:32px;--awb-padding-right-medium:32px;--awb-padding-bottom-medium:32px;--awb-padding-left-medium:32px;--awb-padding-top-small:32px;--awb-padding-right-small:16px;--awb-padding-bottom-small:32px;--awb-padding-left-small:16px;--awb-background-color:var(--awb-color1);--awb-flex-wrap:wrap;\" id=\"transfert-dans-vehicules-de-luxe\" ><div class=\"fusion-builder-row fusion-row fusion-flex-align-items-flex-start fusion-flex-content-wrap\" style=\"max-width:calc( 1280px + );margin-left: calc(- \/ 2 );margin-right: calc(- \/ 2 );\"><div class=\"fusion-layout-column fusion_builder_column fusion-builder-column-3 fusion_builder_column_1_1 1_1 fusion-flex-column\" style=\"--awb-bg-size:cover;--awb-width-large:100%;--awb-margin-top-large:0px;--awb-spacing-right-large:0px;--awb-margin-bottom-large:0px;--awb-spacing-left-large:0px;--awb-width-medium:100%;--awb-order-medium:0;--awb-spacing-right-medium:0px;--awb-spacing-left-medium:0px;--awb-width-small:100%;--awb-order-small:0;\"><div class=\"fusion-column-wrapper fusion-column-has-shadow fusion-flex-justify-content-flex-start fusion-content-layout-column\"><div class=\"fusion-title title fusion-title-2 fusion-sep-none fusion-title-text fusion-title-size-two article-title-h2\" style=\"--awb-text-color:var(--awb-color4);--awb-margin-top-small:10px;--awb-margin-right-small:0px;--awb-margin-bottom-small:10px;--awb-margin-left-small:0px;--awb-font-size:var(--awb-custom_typography_1-font-size);\"><h2 class=\"fusion-title-heading title-heading-left\" style=\"font-family:var(--awb-custom_typography_1-font-family);font-weight:var(--awb-custom_typography_1-font-weight);font-style:var(--awb-custom_typography_1-font-style);margin:0;letter-spacing:var(--awb-custom_typography_1-letter-spacing);text-transform:var(--awb-custom_typography_1-text-transform);font-size:1em;line-height:95%;\">2. D\u00e9couverte de Cannes : Une exp\u00e9rience luxueuse<\/h2><\/div><div class=\"fusion-title title fusion-title-3 fusion-sep-none fusion-title-text fusion-title-size-three article-title-h3\" style=\"--awb-text-color:var(--awb-color4);--awb-margin-top:20px;--awb-margin-top-small:10px;--awb-margin-right-small:0px;--awb-margin-bottom-small:10px;--awb-margin-left-small:0px;--awb-font-size:1.5rem;\"><h3 class=\"fusion-title-heading title-heading-left\" style=\"font-family:&quot;Didact Gothic&quot;;font-style:normal;font-weight:400;margin:0;text-transform:none;font-size:1em;line-height:95%;\">2.1. La Croisette : Balade le long du boulevard le plus c\u00e9l\u00e8bre de Cannes<\/h3><\/div><div class=\"fusion-text fusion-text-3 article-body\" style=\"--awb-font-size:1rem;--awb-line-height:125%;--awb-letter-spacing:var(--awb-custom_typography_3-letter-spacing);--awb-text-transform:var(--awb-custom_typography_3-text-transform);--awb-margin-top:15px;--awb-text-font-family:&quot;Didact Gothic&quot;;--awb-text-font-style:normal;--awb-text-font-weight:400;\"><p>Bord\u00e9e par les palmiers et surplombant les eaux azur de la M\u00e9diterran\u00e9e, cette avenue est le c\u0153ur battant de Cannes. Imaginez-vous parcourant ce boulevard embl\u00e9matique dans une voiture de luxe, berc\u00e9 par le doux climat de la C\u00f4te d&rsquo;Azur, tandis que votre chauffeur vous emm\u00e8ne d\u00e9couvrir les ic\u00f4nes de la ville. De l&rsquo;h\u00f4tel Martinez au Carlton, en passant par le Majestic, chaque b\u00e2timent raconte une histoire, celle d&rsquo;un Cannes intemporel et prestigieux. La Croisette est aussi le lieu id\u00e9al pour une pause en terrasse, face \u00e0 la mer, o\u00f9 vous pourrez vous impr\u00e9gner de l&rsquo;atmosph\u00e8re unique de cette ville l\u00e9gendaire.<\/p>\n<\/div><\/div><\/div><\/div><\/div><div class=\"fusion-fullwidth fullwidth-box fusion-builder-row-5 fusion-flex-container has-pattern-background has-mask-background nonhundred-percent-fullwidth non-hundred-percent-height-scrolling\" style=\"--awb-border-radius-top-left:0px;--awb-border-radius-top-right:0px;--awb-border-radius-bottom-right:0px;--awb-border-radius-bottom-left:0px;--awb-padding-top:32px;--awb-padding-right:32px;--awb-padding-bottom:32px;--awb-padding-left:32px;--awb-padding-top-medium:32px;--awb-padding-right-medium:32px;--awb-padding-bottom-medium:32px;--awb-padding-left-medium:32px;--awb-padding-top-small:32px;--awb-padding-right-small:16px;--awb-padding-bottom-small:32px;--awb-padding-left-small:16px;--awb-background-color:var(--awb-color1);--awb-flex-wrap:wrap;\" id=\"transfert-dans-vehicules-de-luxe\" ><div class=\"fusion-builder-row fusion-row fusion-flex-align-items-flex-start fusion-flex-content-wrap\" style=\"max-width:calc( 1280px + );margin-left: calc(- \/ 2 );margin-right: calc(- \/ 2 );\"><div class=\"fusion-layout-column fusion_builder_column fusion-builder-column-4 fusion_builder_column_1_1 1_1 fusion-flex-column\" style=\"--awb-bg-size:cover;--awb-width-large:100%;--awb-margin-top-large:0px;--awb-spacing-right-large:0px;--awb-margin-bottom-large:0px;--awb-spacing-left-large:0px;--awb-width-medium:100%;--awb-order-medium:0;--awb-spacing-right-medium:0px;--awb-spacing-left-medium:0px;--awb-width-small:100%;--awb-order-small:0;\"><div class=\"fusion-column-wrapper fusion-column-has-shadow fusion-flex-justify-content-flex-start fusion-content-layout-column\"><div class=\"fusion-title title fusion-title-4 fusion-sep-none fusion-title-text fusion-title-size-three article-title-h3\" style=\"--awb-text-color:var(--awb-color4);--awb-margin-top-small:10px;--awb-margin-right-small:0px;--awb-margin-bottom-small:10px;--awb-margin-left-small:0px;--awb-font-size:1.5rem;\"><h3 class=\"fusion-title-heading title-heading-left\" style=\"font-family:&quot;Didact Gothic&quot;;font-style:normal;font-weight:400;margin:0;text-transform:none;font-size:1em;line-height:95%;\">2.2. Pause pr\u00e8s du Palais des Festivals : Sur les traces du Festival de Cannes<\/h3><\/div><div class=\"fusion-text fusion-text-4 article-body\" style=\"--awb-font-size:1rem;--awb-line-height:125%;--awb-letter-spacing:var(--awb-custom_typography_3-letter-spacing);--awb-text-transform:var(--awb-custom_typography_3-text-transform);--awb-margin-top:15px;--awb-text-font-family:&quot;Didact Gothic&quot;;--awb-text-font-style:normal;--awb-text-font-weight:400;\"><p>Aucun voyage \u00e0 Cannes ne serait complet sans un passage pr\u00e8s du Palais des Festivals. C&rsquo;est ici, sur le tapis rouge, que les plus grandes stars du cin\u00e9ma mondial montent les c\u00e9l\u00e8bres marches, sous le cr\u00e9pitement des flashes. Avec votre chauffeur priv\u00e9, vous aurez la possibilit\u00e9 de vous arr\u00eater au plus pr\u00e8s de ce lieu mythique, pour revivre les moments embl\u00e9matiques du Festival de Cannes. Ressentez l&rsquo;\u00e9motion de fouler ce sol charg\u00e9 d\u2019histoire et imaginez-vous sous les projecteurs, le temps d\u2019un instant, dans l\u2019un des lieux les plus c\u00e9l\u00e8bres du cin\u00e9ma international.<\/p>\n<\/div><\/div><\/div><\/div><\/div><div class=\"fusion-fullwidth fullwidth-box fusion-builder-row-6 fusion-flex-container has-pattern-background has-mask-background nonhundred-percent-fullwidth non-hundred-percent-height-scrolling\" style=\"--awb-border-radius-top-left:0px;--awb-border-radius-top-right:0px;--awb-border-radius-bottom-right:0px;--awb-border-radius-bottom-left:0px;--awb-padding-top:32px;--awb-padding-right:32px;--awb-padding-bottom:32px;--awb-padding-left:32px;--awb-padding-top-medium:32px;--awb-padding-right-medium:32px;--awb-padding-bottom-medium:32px;--awb-padding-left-medium:32px;--awb-padding-top-small:32px;--awb-padding-right-small:16px;--awb-padding-bottom-small:32px;--awb-padding-left-small:16px;--awb-background-color:var(--awb-color1);--awb-flex-wrap:wrap;\" id=\"transfert-dans-vehicules-de-luxe\" ><div class=\"fusion-builder-row fusion-row fusion-flex-align-items-flex-start fusion-flex-content-wrap\" style=\"max-width:calc( 1280px + );margin-left: calc(- \/ 2 );margin-right: calc(- \/ 2 );\"><div class=\"fusion-layout-column fusion_builder_column fusion-builder-column-5 fusion_builder_column_1_1 1_1 fusion-flex-column\" style=\"--awb-bg-size:cover;--awb-width-large:100%;--awb-margin-top-large:0px;--awb-spacing-right-large:0px;--awb-margin-bottom-large:0px;--awb-spacing-left-large:0px;--awb-width-medium:100%;--awb-order-medium:0;--awb-spacing-right-medium:0px;--awb-spacing-left-medium:0px;--awb-width-small:100%;--awb-order-small:0;\"><div class=\"fusion-column-wrapper fusion-column-has-shadow fusion-flex-justify-content-flex-start fusion-content-layout-column\"><div class=\"fusion-title title fusion-title-5 fusion-sep-none fusion-title-text fusion-title-size-three article-title-h3\" style=\"--awb-text-color:var(--awb-color4);--awb-margin-top-small:10px;--awb-margin-right-small:0px;--awb-margin-bottom-small:10px;--awb-margin-left-small:0px;--awb-font-size:1.5rem;\"><h3 class=\"fusion-title-heading title-heading-left\" style=\"font-family:&quot;Didact Gothic&quot;;font-style:normal;font-weight:400;margin:0;text-transform:none;font-size:1em;line-height:95%;\">2.3. Le Vieux Port : Plong\u00e9e dans l&rsquo;histoire maritime de la ville<\/h3><\/div><div class=\"fusion-text fusion-text-5 article-body\" style=\"--awb-font-size:1rem;--awb-line-height:125%;--awb-letter-spacing:var(--awb-custom_typography_3-letter-spacing);--awb-text-transform:var(--awb-custom_typography_3-text-transform);--awb-margin-top:15px;--awb-text-font-family:&quot;Didact Gothic&quot;;--awb-text-font-style:normal;--awb-text-font-weight:400;\"><p>En quittant le faste de la Croisette, direction le Vieux Port de Cannes, o\u00f9 l&rsquo;histoire maritime de la ville prend vie. Ce port pittoresque, qui a accueilli les bateaux de p\u00eacheurs pendant des si\u00e8cles, est aujourd&rsquo;hui un lieu de rencontre entre tradition et modernit\u00e9. Votre chauffeur priv\u00e9 vous conduira jusqu&rsquo;au pied du Suquet, le quartier historique de Cannes, pour que vous puissiez explorer ce lieu empreint de charme. Le Vieux Port offre une vue imprenable sur les yachts luxueux qui c\u00f4toient encore quelques bateaux de p\u00eache traditionnels, t\u00e9moignant du riche pass\u00e9 maritime de Cannes. Ici, vous pourrez vous promener le long des quais, admirer les bateaux ou simplement vous d\u00e9tendre dans l\u2019un des nombreux caf\u00e9s, tout en vous impr\u00e9gnant de l\u2019ambiance unique de ce lieu.<\/p>\n<\/div><\/div><\/div><\/div><\/div><div class=\"fusion-fullwidth fullwidth-box fusion-builder-row-7 fusion-flex-container has-pattern-background has-mask-background nonhundred-percent-fullwidth non-hundred-percent-height-scrolling\" style=\"--awb-border-radius-top-left:0px;--awb-border-radius-top-right:0px;--awb-border-radius-bottom-right:0px;--awb-border-radius-bottom-left:0px;--awb-padding-top:32px;--awb-padding-right:32px;--awb-padding-bottom:32px;--awb-padding-left:32px;--awb-padding-top-medium:32px;--awb-padding-right-medium:32px;--awb-padding-bottom-medium:32px;--awb-padding-left-medium:32px;--awb-padding-top-small:32px;--awb-padding-right-small:16px;--awb-padding-bottom-small:32px;--awb-padding-left-small:16px;--awb-background-color:var(--awb-color1);--awb-flex-wrap:wrap;\" id=\"transfert-dans-vehicules-de-luxe\" ><div class=\"fusion-builder-row fusion-row fusion-flex-align-items-flex-start fusion-flex-content-wrap\" style=\"max-width:calc( 1280px + );margin-left: calc(- \/ 2 );margin-right: calc(- \/ 2 );\"><div class=\"fusion-layout-column fusion_builder_column fusion-builder-column-6 fusion_builder_column_1_1 1_1 fusion-flex-column\" style=\"--awb-bg-size:cover;--awb-width-large:100%;--awb-margin-top-large:0px;--awb-spacing-right-large:0px;--awb-margin-bottom-large:0px;--awb-spacing-left-large:0px;--awb-width-medium:100%;--awb-order-medium:0;--awb-spacing-right-medium:0px;--awb-spacing-left-medium:0px;--awb-width-small:100%;--awb-order-small:0;\"><div class=\"fusion-column-wrapper fusion-column-has-shadow fusion-flex-justify-content-flex-start fusion-content-layout-column\"><div class=\"fusion-title title fusion-title-6 fusion-sep-none fusion-title-text fusion-title-size-three article-title-h3\" style=\"--awb-text-color:var(--awb-color4);--awb-margin-top-small:10px;--awb-margin-right-small:0px;--awb-margin-bottom-small:10px;--awb-margin-left-small:0px;--awb-font-size:1.5rem;\"><h3 class=\"fusion-title-heading title-heading-left\" style=\"font-family:&quot;Didact Gothic&quot;;font-style:normal;font-weight:400;margin:0;text-transform:none;font-size:1em;line-height:95%;\">2.4. Shopping de Luxe : Les meilleures adresses de mode \u00e0 Cannes<\/h3><\/div><div class=\"fusion-text fusion-text-6 article-body\" style=\"--awb-font-size:1rem;--awb-line-height:125%;--awb-letter-spacing:var(--awb-custom_typography_3-letter-spacing);--awb-text-transform:var(--awb-custom_typography_3-text-transform);--awb-margin-top:15px;--awb-text-font-family:&quot;Didact Gothic&quot;;--awb-text-font-style:normal;--awb-text-font-weight:400;\"><p>Cannes est une destination incontournable pour les amateurs de shopping de luxe. La ville regorge de boutiques \u00e9l\u00e9gantes o\u00f9 les grandes marques internationales se m\u00ealent aux cr\u00e9ateurs les plus en vogue. Votre chauffeur vous emm\u00e8nera dans les rues les plus exclusives, comme la rue d&rsquo;Antibes ou la rue des \u00c9tats-Unis, o\u00f9 vous pourrez fl\u00e2ner parmi les vitrines des maisons de haute couture, des joailliers prestigieux et des enseignes de mode les plus raffin\u00e9es. Que vous soyez \u00e0 la recherche d&rsquo;une pi\u00e8ce unique ou que vous souhaitiez simplement vous laisser s\u00e9duire par les derni\u00e8res tendances, Cannes saura satisfaire toutes vos envies. Avec un chauffeur priv\u00e9 \u00e0 votre disposition, vous pourrez profiter pleinement de votre s\u00e9ance de shopping, sans vous soucier des sacs ou des trajets.<\/p>\n<\/div><\/div><\/div><\/div><\/div><div class=\"fusion-fullwidth fullwidth-box fusion-builder-row-8 fusion-flex-container has-pattern-background has-mask-background nonhundred-percent-fullwidth non-hundred-percent-height-scrolling\" style=\"--awb-border-radius-top-left:0px;--awb-border-radius-top-right:0px;--awb-border-radius-bottom-right:0px;--awb-border-radius-bottom-left:0px;--awb-padding-right:0px;--awb-padding-left:0px;--awb-flex-wrap:wrap;\" ><div class=\"fusion-builder-row fusion-row fusion-flex-align-items-flex-start fusion-flex-content-wrap\" style=\"max-width:calc( 1280px + );margin-left: calc(- \/ 2 );margin-right: calc(- \/ 2 );\"><div class=\"fusion-layout-column fusion_builder_column fusion-builder-column-7 fusion_builder_column_1_1 1_1 fusion-flex-column\" style=\"--awb-bg-size:cover;--awb-width-large:100%;--awb-margin-top-large:0px;--awb-spacing-right-large:0px;--awb-margin-bottom-large:0px;--awb-spacing-left-large:0px;--awb-width-medium:100%;--awb-order-medium:0;--awb-spacing-right-medium:0px;--awb-spacing-left-medium:0px;--awb-width-small:100%;--awb-order-small:0;\"><div class=\"fusion-column-wrapper fusion-column-has-shadow fusion-flex-justify-content-flex-start fusion-content-layout-column\"><div class=\"fusion-image-element \" style=\"--awb-caption-title-font-family:var(--h2_typography-font-family);--awb-caption-title-font-weight:var(--h2_typography-font-weight);--awb-caption-title-font-style:var(--h2_typography-font-style);--awb-caption-title-size:var(--h2_typography-font-size);--awb-caption-title-transform:var(--h2_typography-text-transform);--awb-caption-title-line-height:var(--h2_typography-line-height);--awb-caption-title-letter-spacing:var(--h2_typography-letter-spacing);\"><span class=\" fusion-imageframe imageframe-none imageframe-2 hover-type-none\"><img decoding=\"async\" width=\"2400\" height=\"1602\" alt=\"Un chauffeur professionnel en costume ouvre la porte arri\u00e8re d\u2019une Mercedes S 400d noire, pr\u00eat \u00e0 accueillir un passager dans un cadre s\u00e9curis\u00e9 et \u00e9l\u00e9gant, au c\u0153ur d\u2019un environnement verdoyant.\" title=\"meet-and-greet-reservez-un-service-vip-a-laeroport-de-nice_1\" src=\"https:\/\/www.ruby-services.com\/wp-content\/uploads\/2025\/06\/meet-and-greet-reservez-un-service-vip-a-laeroport-de-nice_1.webp\" data-orig-src=\"https:\/\/www.ruby-services.com\/wp-content\/uploads\/2025\/06\/meet-and-greet-reservez-un-service-vip-a-laeroport-de-nice_1.webp\" class=\"lazyload img-responsive wp-image-3004\" srcset=\"data:image\/svg+xml,%3Csvg%20xmlns%3D%27http%3A%2F%2Fwww.w3.org%2F2000%2Fsvg%27%20width%3D%272400%27%20height%3D%271602%27%20viewBox%3D%270%200%202400%201602%27%3E%3Crect%20width%3D%272400%27%20height%3D%271602%27%20fill-opacity%3D%220%22%2F%3E%3C%2Fsvg%3E\" data-srcset=\"https:\/\/www.ruby-services.com\/wp-content\/uploads\/2025\/06\/meet-and-greet-reservez-un-service-vip-a-laeroport-de-nice_1-200x134.webp 200w, https:\/\/www.ruby-services.com\/wp-content\/uploads\/2025\/06\/meet-and-greet-reservez-un-service-vip-a-laeroport-de-nice_1-400x267.webp 400w, https:\/\/www.ruby-services.com\/wp-content\/uploads\/2025\/06\/meet-and-greet-reservez-un-service-vip-a-laeroport-de-nice_1-600x401.webp 600w, https:\/\/www.ruby-services.com\/wp-content\/uploads\/2025\/06\/meet-and-greet-reservez-un-service-vip-a-laeroport-de-nice_1-800x534.webp 800w, https:\/\/www.ruby-services.com\/wp-content\/uploads\/2025\/06\/meet-and-greet-reservez-un-service-vip-a-laeroport-de-nice_1-1200x801.webp 1200w, https:\/\/www.ruby-services.com\/wp-content\/uploads\/2025\/06\/meet-and-greet-reservez-un-service-vip-a-laeroport-de-nice_1.webp 2400w\" data-sizes=\"auto\" data-orig-sizes=\"(max-width: 768px) 100vw, 2400px\" \/><\/span><\/div><\/div><\/div><\/div><\/div><div class=\"fusion-fullwidth fullwidth-box fusion-builder-row-9 fusion-flex-container has-pattern-background has-mask-background nonhundred-percent-fullwidth non-hundred-percent-height-scrolling\" style=\"--awb-border-radius-top-left:0px;--awb-border-radius-top-right:0px;--awb-border-radius-bottom-right:0px;--awb-border-radius-bottom-left:0px;--awb-margin-top:32px;--awb-margin-bottom:32px;--awb-flex-wrap:wrap;\" id=\"vip-and-greet\" ><div class=\"fusion-builder-row fusion-row fusion-flex-align-items-flex-start fusion-flex-content-wrap\" style=\"max-width:calc( 1280px + );margin-left: calc(- \/ 2 );margin-right: calc(- \/ 2 );\"><div class=\"fusion-layout-column fusion_builder_column fusion-builder-column-8 fusion_builder_column_1_1 1_1 fusion-flex-column\" style=\"--awb-padding-top:2rem;--awb-padding-right:2rem;--awb-padding-bottom:2rem;--awb-padding-left:2rem;--awb-padding-top-small:2rem;--awb-padding-right-small:1rem;--awb-padding-bottom-small:2rem;--awb-padding-left-small:1rem;--awb-bg-color:var(--awb-color8);--awb-bg-color-hover:var(--awb-color8);--awb-bg-size:cover;--awb-width-large:100%;--awb-margin-top-large:0px;--awb-spacing-right-large:0px;--awb-margin-bottom-large:0px;--awb-spacing-left-large:0px;--awb-width-medium:100%;--awb-order-medium:0;--awb-spacing-right-medium:0px;--awb-spacing-left-medium:0px;--awb-width-small:100%;--awb-order-small:0;\" data-scroll-devices=\"small-visibility,medium-visibility,large-visibility\"><div class=\"fusion-column-wrapper fusion-column-has-shadow fusion-flex-justify-content-flex-start fusion-content-layout-column\"><div class=\"fusion-title title fusion-title-7 fusion-sep-none fusion-title-text fusion-title-size-three ignore-headings-toc\" style=\"--awb-text-color:var(--awb-color1);--awb-margin-top-small:10px;--awb-margin-right-small:0px;--awb-margin-bottom-small:10px;--awb-margin-left-small:0px;--awb-font-size:var(--awb-custom_typography_8-font-size);\"><h3 class=\"fusion-title-heading title-heading-left\" style=\"font-family:var(--awb-custom_typography_8-font-family);font-weight:var(--awb-custom_typography_8-font-weight);font-style:var(--awb-custom_typography_8-font-style);margin:0;letter-spacing:var(--awb-custom_typography_8-letter-spacing);text-transform:var(--awb-custom_typography_8-text-transform);font-size:1em;line-height:105%;\">Chauffeur priv\u00e9 \u00e0 Cannes<\/h3><\/div><div class=\"fusion-text fusion-text-7\" style=\"--awb-font-size:var(--awb-typography5-font-size);--awb-line-height:125%;--awb-letter-spacing:0px;--awb-text-transform:var(--awb-typography5-text-transform);--awb-text-color:var(--awb-color1);--awb-margin-top:15px;--awb-text-font-family:&quot;Didact Gothic&quot;;--awb-text-font-style:normal;--awb-text-font-weight:400;\"><p>Profitez d\u2019une exp\u00e9rience de transport de luxe \u00e0 Cannes avec votre chauffeur priv\u00e9. R\u00e9servez d\u00e8s maintenant et b\u00e9n\u00e9ficiez d\u2019un service sur mesure, d\u2019une discr\u00e9tion absolue et d\u2019une disponibilit\u00e9 24\/7.<\/p>\n<\/div><div ><a class=\"fusion-button button-flat fusion-button-default-size button-custom fusion-button-default button-1 fusion-button-default-span fusion-button-default-type dark-btn\" style=\"--awb-padding-top:12px;--awb-padding-right:16px;--awb-padding-bottom:12px;--awb-padding-left:16px;--button_accent_color:var(--awb-color1);--button_accent_hover_color:var(--awb-color8);--button_border_hover_color:var(--awb-color8);--button_border_width-top:1px;--button_border_width-right:1px;--button_border_width-bottom:1px;--button_border_width-left:1px;--button-border-radius-top-left:0px;--button-border-radius-top-right:0px;--button-border-radius-bottom-right:0px;--button-border-radius-bottom-left:0px;--button_gradient_top_color:var(--awb-custom_color_1);--button_gradient_bottom_color:var(--awb-custom_color_1);--button_gradient_top_color_hover:var(--awb-color1);--button_gradient_bottom_color_hover:var(--awb-color1);--button_text_transform:var(--awb-typography5-text-transform);--button_font_size:var(--awb-typography5-font-size);--button_line_height:var(--awb-typography5-line-height);--button_typography-letter-spacing:0px;--button_typography-font-family:&quot;Didact Gothic&quot;;--button_typography-font-style:normal;--button_typography-font-weight:400;\" target=\"_self\" href=\"https:\/\/www.ruby-services.com\/fr\/chauffeur-prive\/cannes\/\"><span class=\"fusion-button-text awb-button__text awb-button__text--default\">D\u00e9couvrir le service<\/span><\/a><\/div><\/div><\/div><\/div><\/div><div class=\"fusion-fullwidth fullwidth-box fusion-builder-row-10 fusion-flex-container has-pattern-background has-mask-background nonhundred-percent-fullwidth non-hundred-percent-height-scrolling\" style=\"--awb-border-radius-top-left:0px;--awb-border-radius-top-right:0px;--awb-border-radius-bottom-right:0px;--awb-border-radius-bottom-left:0px;--awb-padding-top:0px;--awb-padding-right:0px;--awb-padding-bottom:0px;--awb-padding-left:0px;--awb-flex-wrap:wrap;\" id=\"transfert-tous-les-aeroports\" ><div class=\"fusion-builder-row fusion-row fusion-flex-align-items-flex-start fusion-flex-content-wrap\" style=\"max-width:calc( 1280px + );margin-left: calc(- \/ 2 );margin-right: calc(- \/ 2 );\"><div class=\"fusion-layout-column fusion_builder_column fusion-builder-column-9 fusion_builder_column_1_1 1_1 fusion-flex-column\" style=\"--awb-padding-top:32px;--awb-padding-right:32px;--awb-padding-bottom:32px;--awb-padding-left:32px;--awb-padding-top-medium:32px;--awb-padding-right-medium:32px;--awb-padding-bottom-medium:32px;--awb-padding-left-medium:32px;--awb-padding-top-small:32px;--awb-padding-right-small:16px;--awb-padding-bottom-small:32px;--awb-padding-left-small:16px;--awb-bg-size:cover;--awb-width-large:100%;--awb-margin-top-large:0px;--awb-spacing-right-large:0px;--awb-margin-bottom-large:0px;--awb-spacing-left-large:0px;--awb-width-medium:100%;--awb-order-medium:0;--awb-spacing-right-medium:0px;--awb-spacing-left-medium:0px;--awb-width-small:100%;--awb-order-small:0;\" data-scroll-devices=\"small-visibility,medium-visibility,large-visibility\"><div class=\"fusion-column-wrapper fusion-column-has-shadow fusion-flex-justify-content-flex-start fusion-content-layout-column\"><div class=\"fusion-title title fusion-title-8 fusion-sep-none fusion-title-text fusion-title-size-two article-title-h2\" style=\"--awb-text-color:var(--awb-color4);--awb-margin-top-small:10px;--awb-margin-right-small:0px;--awb-margin-bottom-small:10px;--awb-margin-left-small:0px;--awb-font-size:var(--awb-custom_typography_1-font-size);\"><h2 class=\"fusion-title-heading title-heading-left\" style=\"font-family:var(--awb-custom_typography_1-font-family);font-weight:var(--awb-custom_typography_1-font-weight);font-style:var(--awb-custom_typography_1-font-style);margin:0;letter-spacing:var(--awb-custom_typography_1-letter-spacing);text-transform:var(--awb-custom_typography_1-text-transform);font-size:1em;line-height:95%;\">3. Exploration des Environs : Une escapade sur mesure<\/h2><\/div><div class=\"fusion-title title fusion-title-9 fusion-sep-none fusion-title-text fusion-title-size-three article-title-h3\" style=\"--awb-text-color:var(--awb-color4);--awb-margin-top:20px;--awb-margin-top-small:10px;--awb-margin-right-small:0px;--awb-margin-bottom-small:10px;--awb-margin-left-small:0px;--awb-font-size:1.5rem;\"><h3 class=\"fusion-title-heading title-heading-left\" style=\"font-family:&quot;Didact Gothic&quot;;font-style:normal;font-weight:400;margin:0;text-transform:none;font-size:1em;line-height:95%;\">3.1. \u00celes de L\u00e9rins : Une escapade paradisiaque en pleine M\u00e9diterran\u00e9e<\/h3><\/div><div class=\"fusion-text fusion-text-8 article-body\" style=\"--awb-font-size:1rem;--awb-line-height:var(--awb-custom_typography_3-line-height);--awb-letter-spacing:var(--awb-custom_typography_3-letter-spacing);--awb-text-transform:var(--awb-custom_typography_3-text-transform);--awb-margin-top:20px;--awb-text-font-family:&quot;Didact Gothic&quot;;--awb-text-font-style:normal;--awb-text-font-weight:400;\"><p>\u00c0 quelques minutes en bateau de Cannes, les \u00celes de L\u00e9rins sont un v\u00e9ritable havre de paix, loin de l&rsquo;effervescence de la ville. Votre chauffeur priv\u00e9 vous d\u00e9posera au port de Cannes, o\u00f9 vous embarquerez pour une travers\u00e9e vers ce petit coin de paradis. Les \u00eeles, baign\u00e9es par les eaux cristallines de la M\u00e9diterran\u00e9e, offrent un cadre idyllique pour une journ\u00e9e de d\u00e9tente et de d\u00e9couverte.<\/p>\n<p>L&rsquo;\u00eele Sainte-Marguerite, la plus grande des deux, est c\u00e9l\u00e8bre pour sa forteresse abritant le myst\u00e9rieux Masque de Fer. Vous pourrez y explorer des sentiers ombrag\u00e9s sous les pins et les eucalyptus, vous baigner dans des criques sauvages, ou simplement profiter du calme absolu qui r\u00e8gne sur l\u2019\u00eele. L&rsquo;\u00eele Saint-Honorat, plus petite mais tout aussi charmante, abrite une abbaye cistercienne o\u00f9 les moines produisent des vins r\u00e9put\u00e9s. Cette escapade aux \u00celes de L\u00e9rins est une parenth\u00e8se enchant\u00e9e, o\u00f9 nature et s\u00e9r\u00e9nit\u00e9 se conjuguent \u00e0 la perfection.<\/p>\n<\/div><\/div><\/div><\/div><\/div><div class=\"fusion-fullwidth fullwidth-box fusion-builder-row-11 fusion-flex-container has-pattern-background has-mask-background nonhundred-percent-fullwidth non-hundred-percent-height-scrolling\" style=\"--awb-border-radius-top-left:0px;--awb-border-radius-top-right:0px;--awb-border-radius-bottom-right:0px;--awb-border-radius-bottom-left:0px;--awb-padding-top:0px;--awb-padding-right:0px;--awb-padding-bottom:0px;--awb-padding-left:0px;--awb-flex-wrap:wrap;\" id=\"conciergerie-de-luxe\" ><div class=\"fusion-builder-row fusion-row fusion-flex-align-items-flex-start fusion-flex-content-wrap\" style=\"max-width:calc( 1280px + );margin-left: calc(- \/ 2 );margin-right: calc(- \/ 2 );\"><div class=\"fusion-layout-column fusion_builder_column fusion-builder-column-10 fusion_builder_column_1_1 1_1 fusion-flex-column\" style=\"--awb-padding-top:32px;--awb-padding-right:32px;--awb-padding-bottom:32px;--awb-padding-left:32px;--awb-padding-top-medium:32px;--awb-padding-right-medium:32px;--awb-padding-bottom-medium:32px;--awb-padding-left-medium:32px;--awb-padding-top-small:32px;--awb-padding-right-small:16px;--awb-padding-bottom-small:32px;--awb-padding-left-small:16px;--awb-bg-size:cover;--awb-width-large:100%;--awb-margin-top-large:0px;--awb-spacing-right-large:0px;--awb-margin-bottom-large:0px;--awb-spacing-left-large:0px;--awb-width-medium:100%;--awb-order-medium:0;--awb-spacing-right-medium:0px;--awb-spacing-left-medium:0px;--awb-width-small:100%;--awb-order-small:0;\" data-scroll-devices=\"small-visibility,medium-visibility,large-visibility\"><div class=\"fusion-column-wrapper fusion-column-has-shadow fusion-flex-justify-content-flex-start fusion-content-layout-column\"><div class=\"fusion-title title fusion-title-10 fusion-sep-none fusion-title-text fusion-title-size-three article-title-h3\" style=\"--awb-text-color:var(--awb-color4);--awb-margin-top-small:10px;--awb-margin-right-small:0px;--awb-margin-bottom-small:10px;--awb-margin-left-small:0px;--awb-font-size:1.5rem;\"><h3 class=\"fusion-title-heading title-heading-left\" style=\"font-family:&quot;Didact Gothic&quot;;font-style:normal;font-weight:400;margin:0;text-transform:none;font-size:1em;line-height:95%;\">3.2. Mougins : Immersion dans l\u2019art et la gastronomie<\/h3><\/div><div class=\"fusion-text fusion-text-9 article-body\" style=\"--awb-font-size:1rem;--awb-line-height:125%;--awb-letter-spacing:var(--awb-custom_typography_3-letter-spacing);--awb-text-transform:var(--awb-custom_typography_3-text-transform);--awb-margin-top:15px;--awb-text-font-family:&quot;Didact Gothic&quot;;--awb-text-font-style:normal;--awb-text-font-weight:400;\"><p>\u00c0 une courte distance en voiture de Cannes, Mougins est un village perch\u00e9 qui a longtemps s\u00e9duit artistes et gastronomes. Ce lieu enchanteur, o\u00f9 Pablo Picasso passa les derni\u00e8res ann\u00e9es de sa vie, est aujourd\u2019hui un v\u00e9ritable sanctuaire de l\u2019art et de la cuisine. En arrivant \u00e0 Mougins, votre chauffeur vous d\u00e9posera dans le c\u0153ur du village, o\u00f9 vous pourrez vous perdre dans les ruelles bord\u00e9es de galeries d\u2019art, d\u2019ateliers d\u2019artistes, et de boutiques raffin\u00e9es. Mougins est \u00e9galement r\u00e9put\u00e9 pour sa sc\u00e8ne gastronomique, avec plusieurs restaurants \u00e9toil\u00e9s o\u00f9 l\u2019on peut savourer des mets d\u2019exception dans un cadre idyllique. La beaut\u00e9 du village, combin\u00e9e \u00e0 son atmosph\u00e8re paisible et \u00e0 son riche h\u00e9ritage artistique, en fait une \u00e9tape incontournable pour ceux qui souhaitent s&rsquo;immerger dans l\u2019essence m\u00eame de la Provence.<\/p>\n<\/div><\/div><\/div><\/div><\/div><div class=\"fusion-fullwidth fullwidth-box fusion-builder-row-12 fusion-flex-container has-pattern-background has-mask-background nonhundred-percent-fullwidth non-hundred-percent-height-scrolling\" style=\"--awb-border-radius-top-left:0px;--awb-border-radius-top-right:0px;--awb-border-radius-bottom-right:0px;--awb-border-radius-bottom-left:0px;--awb-padding-top:0px;--awb-padding-right:0px;--awb-padding-bottom:0px;--awb-padding-left:0px;--awb-flex-wrap:wrap;\" id=\"conciergerie-de-luxe\" ><div class=\"fusion-builder-row fusion-row fusion-flex-align-items-flex-start fusion-flex-content-wrap\" style=\"max-width:calc( 1280px + );margin-left: calc(- \/ 2 );margin-right: calc(- \/ 2 );\"><div class=\"fusion-layout-column fusion_builder_column fusion-builder-column-11 fusion_builder_column_1_1 1_1 fusion-flex-column\" style=\"--awb-padding-top:32px;--awb-padding-right:32px;--awb-padding-bottom:32px;--awb-padding-left:32px;--awb-padding-top-medium:32px;--awb-padding-right-medium:32px;--awb-padding-bottom-medium:32px;--awb-padding-left-medium:32px;--awb-padding-top-small:32px;--awb-padding-right-small:16px;--awb-padding-bottom-small:32px;--awb-padding-left-small:16px;--awb-bg-size:cover;--awb-width-large:100%;--awb-margin-top-large:0px;--awb-spacing-right-large:0px;--awb-margin-bottom-large:0px;--awb-spacing-left-large:0px;--awb-width-medium:100%;--awb-order-medium:0;--awb-spacing-right-medium:0px;--awb-spacing-left-medium:0px;--awb-width-small:100%;--awb-order-small:0;\" data-scroll-devices=\"small-visibility,medium-visibility,large-visibility\"><div class=\"fusion-column-wrapper fusion-column-has-shadow fusion-flex-justify-content-flex-start fusion-content-layout-column\"><div class=\"fusion-title title fusion-title-11 fusion-sep-none fusion-title-text fusion-title-size-three article-title-h3\" style=\"--awb-text-color:var(--awb-color4);--awb-margin-top-small:10px;--awb-margin-right-small:0px;--awb-margin-bottom-small:10px;--awb-margin-left-small:0px;--awb-font-size:1.5rem;\"><h3 class=\"fusion-title-heading title-heading-left\" style=\"font-family:&quot;Didact Gothic&quot;;font-style:normal;font-weight:400;margin:0;text-transform:none;font-size:1em;line-height:95%;\">3.3. Grasse : Visite de la capitale mondiale du parfum<\/h3><\/div><div class=\"fusion-text fusion-text-10 article-body\" style=\"--awb-font-size:1rem;--awb-line-height:125%;--awb-letter-spacing:var(--awb-custom_typography_3-letter-spacing);--awb-text-transform:var(--awb-custom_typography_3-text-transform);--awb-margin-top:15px;--awb-text-font-family:&quot;Didact Gothic&quot;;--awb-text-font-style:normal;--awb-text-font-weight:400;\"><p>Capitale mondiale du parfum, Grasse est une destination incontournable pour les amateurs de fragrances raffin\u00e9es. \u00c0 seulement quelques kilom\u00e8tres de Cannes, votre chauffeur priv\u00e9 vous conduira \u00e0 travers les paysages pittoresques de l\u2019arri\u00e8re-pays proven\u00e7al pour atteindre cette ville historique, perch\u00e9e sur les hauteurs. Grasse est le berceau des plus grandes maisons de parfum, o\u00f9 l\u2019art de la parfumerie se transmet depuis des si\u00e8cles. Lors de votre <a href=\"https:\/\/www.ruby-services.com\/fr\/annexe\/chauffeur-prive-pour-visite-touristique\/\">visite<\/a>, vous aurez l\u2019opportunit\u00e9 de d\u00e9couvrir les secrets de fabrication des parfums les plus prestigieux, en visitant des parfumeries embl\u00e9matiques telles que Fragonard, Molinard ou Galimard. Ces \u00e9tablissements offrent des visites guid\u00e9es o\u00f9 l\u2019on peut admirer les ateliers de cr\u00e9ation et m\u00eame cr\u00e9er sa propre fragrance sur mesure.<\/p>\n<p>Apr\u00e8s cette immersion olfactive, prenez le temps de savourer une halte gastronomique \u00e0 la Bastide Saint Antoine. Ce restaurant \u00e9toil\u00e9, dirig\u00e9 par le chef Jacques Chibois, vous propose une cuisine raffin\u00e9e qui sublime les saveurs proven\u00e7ales. Install\u00e9 dans un cadre enchanteur, entre jardins d\u2019oliviers et vue imprenable sur les collines, vous go\u00fbterez \u00e0 une exp\u00e9rience culinaire exceptionnelle, alliant terroir et cr\u00e9ativit\u00e9.<\/p>\n<p>Fl\u00e2nez \u00e9galement dans les ruelles de la vieille ville, o\u00f9 l\u2019air est empli de senteurs envo\u00fbtantes, et laissez-vous charmer par l\u2019atmosph\u00e8re unique de cette cit\u00e9 o\u00f9 chaque coin de rue raconte une histoire olfactive.<\/p>\n<\/div><\/div><\/div><\/div><\/div><div class=\"fusion-fullwidth fullwidth-box fusion-builder-row-13 fusion-flex-container has-pattern-background has-mask-background nonhundred-percent-fullwidth non-hundred-percent-height-scrolling\" style=\"--awb-border-radius-top-left:0px;--awb-border-radius-top-right:0px;--awb-border-radius-bottom-right:0px;--awb-border-radius-bottom-left:0px;--awb-padding-right:0px;--awb-padding-left:0px;--awb-flex-wrap:wrap;\" ><div class=\"fusion-builder-row fusion-row fusion-flex-align-items-flex-start fusion-flex-content-wrap\" style=\"max-width:calc( 1280px + );margin-left: calc(- \/ 2 );margin-right: calc(- \/ 2 );\"><div class=\"fusion-layout-column fusion_builder_column fusion-builder-column-12 fusion_builder_column_1_1 1_1 fusion-flex-column\" style=\"--awb-bg-size:cover;--awb-width-large:100%;--awb-margin-top-large:0px;--awb-spacing-right-large:0px;--awb-margin-bottom-large:0px;--awb-spacing-left-large:0px;--awb-width-medium:100%;--awb-order-medium:0;--awb-spacing-right-medium:0px;--awb-spacing-left-medium:0px;--awb-width-small:100%;--awb-order-small:0;\"><div class=\"fusion-column-wrapper fusion-column-has-shadow fusion-flex-justify-content-flex-start fusion-content-layout-column\"><div class=\"fusion-image-element \" style=\"--awb-caption-title-font-family:var(--h2_typography-font-family);--awb-caption-title-font-weight:var(--h2_typography-font-weight);--awb-caption-title-font-style:var(--h2_typography-font-style);--awb-caption-title-size:var(--h2_typography-font-size);--awb-caption-title-transform:var(--h2_typography-text-transform);--awb-caption-title-line-height:var(--h2_typography-line-height);--awb-caption-title-letter-spacing:var(--h2_typography-letter-spacing);\"><span class=\" fusion-imageframe imageframe-none imageframe-3 hover-type-none\"><img decoding=\"async\" width=\"2400\" height=\"1601\" alt=\"Un couple \u00e9l\u00e9gant descend d\u2019une berline Mercedes Classe S noire pendant qu\u2019un chauffeur en costume leur remet les bagages devant un port de yachts. Sc\u00e8ne de transfert VIP entre transport terrestre et maritime de prestige, typique de la C\u00f4te d\u2019Azur.\" title=\"excursions-a-cannes-avec-un-chauffeur-prive-decouverte-de-cannes-chauffeur-prive-a-cannes_1\" src=\"https:\/\/www.ruby-services.com\/wp-content\/uploads\/2025\/06\/excursions-a-cannes-avec-un-chauffeur-prive-decouverte-de-cannes-chauffeur-prive-a-cannes_1.webp\" data-orig-src=\"https:\/\/www.ruby-services.com\/wp-content\/uploads\/2025\/06\/excursions-a-cannes-avec-un-chauffeur-prive-decouverte-de-cannes-chauffeur-prive-a-cannes_1.webp\" class=\"lazyload img-responsive wp-image-3071\" srcset=\"data:image\/svg+xml,%3Csvg%20xmlns%3D%27http%3A%2F%2Fwww.w3.org%2F2000%2Fsvg%27%20width%3D%272400%27%20height%3D%271601%27%20viewBox%3D%270%200%202400%201601%27%3E%3Crect%20width%3D%272400%27%20height%3D%271601%27%20fill-opacity%3D%220%22%2F%3E%3C%2Fsvg%3E\" data-srcset=\"https:\/\/www.ruby-services.com\/wp-content\/uploads\/2025\/06\/excursions-a-cannes-avec-un-chauffeur-prive-decouverte-de-cannes-chauffeur-prive-a-cannes_1-200x133.webp 200w, https:\/\/www.ruby-services.com\/wp-content\/uploads\/2025\/06\/excursions-a-cannes-avec-un-chauffeur-prive-decouverte-de-cannes-chauffeur-prive-a-cannes_1-400x267.webp 400w, https:\/\/www.ruby-services.com\/wp-content\/uploads\/2025\/06\/excursions-a-cannes-avec-un-chauffeur-prive-decouverte-de-cannes-chauffeur-prive-a-cannes_1-600x400.webp 600w, https:\/\/www.ruby-services.com\/wp-content\/uploads\/2025\/06\/excursions-a-cannes-avec-un-chauffeur-prive-decouverte-de-cannes-chauffeur-prive-a-cannes_1-800x534.webp 800w, https:\/\/www.ruby-services.com\/wp-content\/uploads\/2025\/06\/excursions-a-cannes-avec-un-chauffeur-prive-decouverte-de-cannes-chauffeur-prive-a-cannes_1-1200x801.webp 1200w, https:\/\/www.ruby-services.com\/wp-content\/uploads\/2025\/06\/excursions-a-cannes-avec-un-chauffeur-prive-decouverte-de-cannes-chauffeur-prive-a-cannes_1.webp 2400w\" data-sizes=\"auto\" data-orig-sizes=\"(max-width: 768px) 100vw, 2400px\" \/><\/span><\/div><\/div><\/div><\/div><\/div><div class=\"fusion-fullwidth fullwidth-box fusion-builder-row-14 fusion-flex-container has-pattern-background has-mask-background nonhundred-percent-fullwidth non-hundred-percent-height-scrolling\" style=\"--awb-border-radius-top-left:0px;--awb-border-radius-top-right:0px;--awb-border-radius-bottom-right:0px;--awb-border-radius-bottom-left:0px;--awb-padding-top:32px;--awb-padding-right:32px;--awb-padding-bottom:32px;--awb-padding-left:32px;--awb-padding-top-medium:32px;--awb-padding-right-medium:32px;--awb-padding-bottom-medium:32px;--awb-padding-left-medium:32px;--awb-padding-top-small:32px;--awb-padding-right-small:16px;--awb-padding-bottom-small:32px;--awb-padding-left-small:16px;--awb-background-color:var(--awb-color1);--awb-flex-wrap:wrap;\" id=\"transfert-dans-vehicules-de-luxe\" ><div class=\"fusion-builder-row fusion-row fusion-flex-align-items-flex-start fusion-flex-content-wrap\" style=\"max-width:calc( 1280px + );margin-left: calc(- \/ 2 );margin-right: calc(- \/ 2 );\"><div class=\"fusion-layout-column fusion_builder_column fusion-builder-column-13 fusion_builder_column_1_1 1_1 fusion-flex-column\" style=\"--awb-bg-size:cover;--awb-width-large:100%;--awb-margin-top-large:0px;--awb-spacing-right-large:0px;--awb-margin-bottom-large:0px;--awb-spacing-left-large:0px;--awb-width-medium:100%;--awb-order-medium:0;--awb-spacing-right-medium:0px;--awb-spacing-left-medium:0px;--awb-width-small:100%;--awb-order-small:0;\"><div class=\"fusion-column-wrapper fusion-column-has-shadow fusion-flex-justify-content-flex-start fusion-content-layout-column\"><div class=\"fusion-title title fusion-title-12 fusion-sep-none fusion-title-text fusion-title-size-two article-title-h2\" style=\"--awb-text-color:var(--awb-color4);--awb-margin-top-small:10px;--awb-margin-right-small:0px;--awb-margin-bottom-small:10px;--awb-margin-left-small:0px;--awb-font-size:var(--awb-custom_typography_1-font-size);\"><h2 class=\"fusion-title-heading title-heading-left\" style=\"font-family:var(--awb-custom_typography_1-font-family);font-weight:var(--awb-custom_typography_1-font-weight);font-style:var(--awb-custom_typography_1-font-style);margin:0;letter-spacing:var(--awb-custom_typography_1-letter-spacing);text-transform:var(--awb-custom_typography_1-text-transform);font-size:1em;line-height:95%;\">4. D\u00e9tours d&rsquo;Exception : Pour une exp\u00e9rience encore plus exclusive<\/h2><\/div><div class=\"fusion-title title fusion-title-13 fusion-sep-none fusion-title-text fusion-title-size-three article-title-h3\" style=\"--awb-text-color:var(--awb-color4);--awb-margin-top-small:10px;--awb-margin-right-small:0px;--awb-margin-bottom-small:10px;--awb-margin-left-small:0px;--awb-font-size:1.5rem;\"><h3 class=\"fusion-title-heading title-heading-left\" style=\"font-family:&quot;Didact Gothic&quot;;font-style:normal;font-weight:400;margin:0;text-transform:none;font-size:1em;line-height:95%;\">4.1. Route de la Corniche \u00e0 l\u2019Est\u00e9rel : Une promenade panoramique \u00e9poustouflante<\/h3><\/div><div class=\"fusion-text fusion-text-11 article-body\" style=\"--awb-font-size:1rem;--awb-line-height:125%;--awb-letter-spacing:var(--awb-custom_typography_3-letter-spacing);--awb-text-transform:var(--awb-custom_typography_3-text-transform);--awb-margin-top:15px;--awb-text-font-family:&quot;Didact Gothic&quot;;--awb-text-font-style:normal;--awb-text-font-weight:400;\"><p>La Route de la Corniche, souvent surnomm\u00e9e la \u00ab\u00a0Route d&rsquo;Or\u00a0\u00bb, est l&rsquo;une des plus belles routes panoramiques du monde. En empruntant cette route sinueuse qui surplombe la M\u00e9diterran\u00e9e, vous serez \u00e9merveill\u00e9 par les vues \u00e0 couper le souffle qui s&rsquo;\u00e9tendent sur des kilom\u00e8tres de c\u00f4tes, entre mer turquoise et falaises escarp\u00e9es. Avec votre chauffeur priv\u00e9, cette promenade devient une v\u00e9ritable exp\u00e9rience de luxe. Vous pourrez vous arr\u00eater aux points de vue les plus spectaculaires pour capturer des souvenirs inoubliables ou simplement vous impr\u00e9gner de la beaut\u00e9 sauvage de la C\u00f4te d&rsquo;Azur.<\/p>\n<p>Lors de votre excursion, une halte \u00e0 Th\u00e9oule-sur-Mer s\u2019impose. Ce charmant village c\u00f4tier, intimement lov\u00e9 entre la mer et les montagnes, s\u00e9duit par ses plages paisibles et ses petites criques aux eaux cristallines, id\u00e9ales pour une baignade ou un moment de d\u00e9tente face \u00e0 la mer. Th\u00e9oule est aussi le point de d\u00e9part de nombreux sentiers qui vous m\u00e8neront au c\u0153ur de l&rsquo;Est\u00e9rel, o\u00f9 vous pourrez vous immerger dans la beaut\u00e9 sauvage de cette nature authentique.<\/p>\n<p>Un peu plus loin, la ville de Mandelieu-la-Napoule vous r\u00e9serve une autre surprise : la d\u00e9couverte du Ch\u00e2teau de La Napoule, un \u00e9difice m\u00e9di\u00e9val restaur\u00e9 avec passion par les artistes Henry et Marie Clews au d\u00e9but du XXe si\u00e8cle. Ce ch\u00e2teau enchanteur, avec ses jardins suspendus et sa vue imprenable sur la mer, est une v\u00e9ritable \u0153uvre d&rsquo;art \u00e0 lui seul.<\/p>\n<p>Cette excursion, \u00e0 travers la Corniche d&rsquo;Or, entre la beaut\u00e9 sauvage de l\u2019Est\u00e9rel, la s\u00e9r\u00e9nit\u00e9 de Th\u00e9oule-sur-Mer et l&rsquo;\u00e9l\u00e9gance de Mandelieu, vous promet une journ\u00e9e de d\u00e9couvertes inoubliables, o\u00f9 nature, histoire et luxe se rencontrent en parfaite harmonie.<\/p>\n<\/div><\/div><\/div><\/div><\/div><div class=\"fusion-fullwidth fullwidth-box fusion-builder-row-15 fusion-flex-container has-pattern-background has-mask-background nonhundred-percent-fullwidth non-hundred-percent-height-scrolling\" style=\"--awb-border-radius-top-left:0px;--awb-border-radius-top-right:0px;--awb-border-radius-bottom-right:0px;--awb-border-radius-bottom-left:0px;--awb-padding-top:32px;--awb-padding-right:32px;--awb-padding-bottom:32px;--awb-padding-left:32px;--awb-padding-top-medium:32px;--awb-padding-right-medium:32px;--awb-padding-bottom-medium:32px;--awb-padding-left-medium:32px;--awb-padding-top-small:32px;--awb-padding-right-small:16px;--awb-padding-bottom-small:32px;--awb-padding-left-small:16px;--awb-background-color:var(--awb-color1);--awb-flex-wrap:wrap;\" id=\"transfert-dans-vehicules-de-luxe\" ><div class=\"fusion-builder-row fusion-row fusion-flex-align-items-flex-start fusion-flex-content-wrap\" style=\"max-width:calc( 1280px + );margin-left: calc(- \/ 2 );margin-right: calc(- \/ 2 );\"><div class=\"fusion-layout-column fusion_builder_column fusion-builder-column-14 fusion_builder_column_1_1 1_1 fusion-flex-column\" style=\"--awb-bg-size:cover;--awb-width-large:100%;--awb-margin-top-large:0px;--awb-spacing-right-large:0px;--awb-margin-bottom-large:0px;--awb-spacing-left-large:0px;--awb-width-medium:100%;--awb-order-medium:0;--awb-spacing-right-medium:0px;--awb-spacing-left-medium:0px;--awb-width-small:100%;--awb-order-small:0;\"><div class=\"fusion-column-wrapper fusion-column-has-shadow fusion-flex-justify-content-flex-start fusion-content-layout-column\"><div class=\"fusion-title title fusion-title-14 fusion-sep-none fusion-title-text fusion-title-size-three article-title-h3\" style=\"--awb-text-color:var(--awb-color4);--awb-margin-top-small:10px;--awb-margin-right-small:0px;--awb-margin-bottom-small:10px;--awb-margin-left-small:0px;--awb-font-size:1.5rem;\"><h3 class=\"fusion-title-heading title-heading-left\" style=\"font-family:&quot;Didact Gothic&quot;;font-style:normal;font-weight:400;margin:0;text-transform:none;font-size:1em;line-height:95%;\">4.2. Saint-Paul-de-Vence : Village d\u2019artistes et de charme proven\u00e7al<\/h3><\/div><div class=\"fusion-text fusion-text-12 article-body\" style=\"--awb-font-size:1rem;--awb-line-height:125%;--awb-letter-spacing:var(--awb-custom_typography_3-letter-spacing);--awb-text-transform:var(--awb-custom_typography_3-text-transform);--awb-margin-top:15px;--awb-text-font-family:&quot;Didact Gothic&quot;;--awb-text-font-style:normal;--awb-text-font-weight:400;\"><p>Nich\u00e9 sur une colline, Saint-Paul-de-Vence est un village m\u00e9di\u00e9val qui a su conserver toute son authenticit\u00e9 et son charme d&rsquo;antan. Connue pour \u00eatre un refuge d&rsquo;artistes depuis des d\u00e9cennies, cette petite cit\u00e9 fortifi\u00e9e est un v\u00e9ritable mus\u00e9e \u00e0 ciel ouvert. En arrivant \u00e0 Saint-Paul-de-Vence avec votre chauffeur priv\u00e9, vous serez imm\u00e9diatement transport\u00e9 dans un autre temps. Le village est un d\u00e9dale de ruelles pav\u00e9es, bord\u00e9es de galeries d&rsquo;art, de boutiques d&rsquo;artisanat et de petites places ombrag\u00e9es o\u00f9 il fait bon de s\u2019y s&rsquo;attarder. Les murs de la vieille ville abritent des \u0153uvres d&rsquo;artistes renomm\u00e9s, et vous pourrez d\u00e9couvrir la Fondation Maeght, un mus\u00e9e d&rsquo;art moderne et contemporain situ\u00e9 \u00e0 proximit\u00e9.<\/p>\n<p>Un autre incontournable lors de votre passage est le c\u00e9l\u00e8bre <a href=\"https:\/\/www.saint-pauldevence.com\/fiches\/hotels-hotels-restaurant\/la-colombe-dor-2\/\">h\u00f4tel restaurant La Colombe d&rsquo;Or<\/a>. Ce lieu mythique a accueilli au fil des d\u00e9cennies des artistes tels que Picasso, Miro, ou encore Chagall, et leurs \u0153uvres ornent aujourd&rsquo;hui les murs du restaurant. Ici, vous d\u00e9gusterez une cuisine proven\u00e7ale raffin\u00e9e, dans une atmosph\u00e8re unique o\u00f9 l\u2019art et la gastronomie se rencontrent. La terrasse, ombrag\u00e9e par des oliviers centenaires, est l\u2019endroit id\u00e9al pour savourer un moment d\u2019exception tout en admirant les vues imprenables sur les remparts historiques du village.<\/p>\n<\/div><\/div><\/div><\/div><\/div><div class=\"fusion-fullwidth fullwidth-box fusion-builder-row-16 fusion-flex-container has-pattern-background has-mask-background nonhundred-percent-fullwidth non-hundred-percent-height-scrolling\" style=\"--awb-border-radius-top-left:0px;--awb-border-radius-top-right:0px;--awb-border-radius-bottom-right:0px;--awb-border-radius-bottom-left:0px;--awb-padding-top:32px;--awb-padding-right:32px;--awb-padding-bottom:32px;--awb-padding-left:32px;--awb-padding-top-medium:32px;--awb-padding-right-medium:32px;--awb-padding-bottom-medium:32px;--awb-padding-left-medium:32px;--awb-padding-top-small:32px;--awb-padding-right-small:16px;--awb-padding-bottom-small:32px;--awb-padding-left-small:16px;--awb-background-color:var(--awb-color1);--awb-flex-wrap:wrap;\" id=\"transfert-dans-vehicules-de-luxe\" ><div class=\"fusion-builder-row fusion-row fusion-flex-align-items-flex-start fusion-flex-content-wrap\" style=\"max-width:calc( 1280px + );margin-left: calc(- \/ 2 );margin-right: calc(- \/ 2 );\"><div class=\"fusion-layout-column fusion_builder_column fusion-builder-column-15 fusion_builder_column_1_1 1_1 fusion-flex-column\" style=\"--awb-bg-size:cover;--awb-width-large:100%;--awb-margin-top-large:0px;--awb-spacing-right-large:0px;--awb-margin-bottom-large:0px;--awb-spacing-left-large:0px;--awb-width-medium:100%;--awb-order-medium:0;--awb-spacing-right-medium:0px;--awb-spacing-left-medium:0px;--awb-width-small:100%;--awb-order-small:0;\"><div class=\"fusion-column-wrapper fusion-column-has-shadow fusion-flex-justify-content-flex-start fusion-content-layout-column\"><div class=\"fusion-title title fusion-title-15 fusion-sep-none fusion-title-text fusion-title-size-three article-title-h3\" style=\"--awb-text-color:var(--awb-color4);--awb-margin-top-small:10px;--awb-margin-right-small:0px;--awb-margin-bottom-small:10px;--awb-margin-left-small:0px;--awb-font-size:1.5rem;\"><h3 class=\"fusion-title-heading title-heading-left\" style=\"font-family:&quot;Didact Gothic&quot;;font-style:normal;font-weight:400;margin:0;text-transform:none;font-size:1em;line-height:95%;\">4.3. Vence\u202f: L\u2019essence de la Provence authentique<\/h3><\/div><div class=\"fusion-text fusion-text-13 article-body\" style=\"--awb-font-size:1rem;--awb-line-height:125%;--awb-letter-spacing:var(--awb-custom_typography_3-letter-spacing);--awb-text-transform:var(--awb-custom_typography_3-text-transform);--awb-margin-top:15px;--awb-text-font-family:&quot;Didact Gothic&quot;;--awb-text-font-style:normal;--awb-text-font-weight:400;\"><p>Avec ses ruelles pav\u00e9es, ses places pittoresques et ses maisons en pierre charg\u00e9es d\u2019histoire, Vence est une invitation \u00e0 la fl\u00e2nerie, au c\u0153ur d\u2019un patrimoine architectural et artistique remarquable. La ville a longtemps \u00e9t\u00e9 une source d\u2019inspiration pour de nombreux artistes, dont Henri Matisse, qui y a con\u00e7u la c\u00e9l\u00e8bre Chapelle du Rosaire, v\u00e9ritable joyau d\u2019art sacr\u00e9 moderne.<\/p>\n<p>Pour sublimer cette escapade, une halte au Ch\u00e2teau Saint-Martin &amp; Spa s\u2019impose. Ce lieu historique, ancien domaine des Templiers, conjugue avec raffinement et art de vivre proven\u00e7al. Que ce soit pour une nuit d\u2019exception, un soin dans son spa prestigieux, ou un d\u00e9jeuner gastronomique, le Ch\u00e2teau Saint-Martin vous offre une exp\u00e9rience hors du temps, dans un cadre \u00e0 la beaut\u00e9 envo\u00fbtante.<\/p>\n<\/div><\/div><\/div><\/div><\/div><div class=\"fusion-fullwidth fullwidth-box fusion-builder-row-17 fusion-flex-container has-pattern-background has-mask-background nonhundred-percent-fullwidth non-hundred-percent-height-scrolling\" style=\"--awb-border-radius-top-left:0px;--awb-border-radius-top-right:0px;--awb-border-radius-bottom-right:0px;--awb-border-radius-bottom-left:0px;--awb-padding-top:32px;--awb-padding-right:32px;--awb-padding-bottom:32px;--awb-padding-left:32px;--awb-padding-top-medium:32px;--awb-padding-right-medium:32px;--awb-padding-bottom-medium:32px;--awb-padding-left-medium:32px;--awb-padding-top-small:32px;--awb-padding-right-small:16px;--awb-padding-bottom-small:32px;--awb-padding-left-small:16px;--awb-background-color:var(--awb-color1);--awb-flex-wrap:wrap;\" id=\"transfert-dans-vehicules-de-luxe\" ><div class=\"fusion-builder-row fusion-row fusion-flex-align-items-flex-start fusion-flex-content-wrap\" style=\"max-width:calc( 1280px + );margin-left: calc(- \/ 2 );margin-right: calc(- \/ 2 );\"><div class=\"fusion-layout-column fusion_builder_column fusion-builder-column-16 fusion_builder_column_1_1 1_1 fusion-flex-column\" style=\"--awb-bg-size:cover;--awb-width-large:100%;--awb-margin-top-large:0px;--awb-spacing-right-large:0px;--awb-margin-bottom-large:0px;--awb-spacing-left-large:0px;--awb-width-medium:100%;--awb-order-medium:0;--awb-spacing-right-medium:0px;--awb-spacing-left-medium:0px;--awb-width-small:100%;--awb-order-small:0;\"><div class=\"fusion-column-wrapper fusion-column-has-shadow fusion-flex-justify-content-flex-start fusion-content-layout-column\"><div class=\"fusion-title title fusion-title-16 fusion-sep-none fusion-title-text fusion-title-size-three article-title-h3\" style=\"--awb-text-color:var(--awb-color4);--awb-margin-top-small:10px;--awb-margin-right-small:0px;--awb-margin-bottom-small:10px;--awb-margin-left-small:0px;--awb-font-size:1.5rem;\"><h3 class=\"fusion-title-heading title-heading-left\" style=\"font-family:&quot;Didact Gothic&quot;;font-style:normal;font-weight:400;margin:0;text-transform:none;font-size:1em;line-height:95%;\">4.4. Visite priv\u00e9e de vignobles : D\u00e9gustation et d\u00e9couverte des vins Varois<\/h3><\/div><div class=\"fusion-text fusion-text-14 article-body\" style=\"--awb-font-size:1rem;--awb-line-height:125%;--awb-letter-spacing:var(--awb-custom_typography_3-letter-spacing);--awb-text-transform:var(--awb-custom_typography_3-text-transform);--awb-margin-top:15px;--awb-text-font-family:&quot;Didact Gothic&quot;;--awb-text-font-style:normal;--awb-text-font-weight:400;\"><p>Le Var, terre b\u00e9nie du soleil, est le berceau de quelques-uns des plus prestigieux vins de la r\u00e9gion, dont les c\u00e9l\u00e8bres ros\u00e9s qui incarnent \u00e0 merveille l&rsquo;art de vivre m\u00e9diterran\u00e9en. Sillonner ces vignobles permet d\u2019entrer dans un univers o\u00f9 tradition, passion et savoir-faire se m\u00ealent.<\/p>\n<p>Parmi ces joyaux, votre <a href=\"https:\/\/www.ruby-services.com\/fr\/annexe\/chauffeur-prive-pour-visite-touristique\/\">excursion<\/a> peut d\u00e9buter par le Ch\u00e2teau Sainte Roseline, qui vous accueille dans un cadre enchanteur, o\u00f9 l\u2019histoire et la nature se rencontrent. Ce domaine, class\u00e9 cru class\u00e9 de Provence, abrite une chapelle du XIIe si\u00e8cle orn\u00e9e d\u2019\u0153uvres contemporaines et un terroir exceptionnel, propice \u00e0 l\u2019\u00e9laboration de vins raffin\u00e9s. En visitant ses caves, vous d\u00e9couvrirez les secrets de production de ces nectars, tout en d\u00e9gustant leurs vins aux ar\u00f4mes subtils, qui capturent l&rsquo;essence m\u00eame de la Provence.<\/p>\n<p>Un peu plus \u00e0 l&rsquo;est, le Ch\u00e2teau Font du Broc offre une vue \u00e0 couper le souffle sur la campagne varoise. Le Ch\u00e2teau, avec son impressionnante cave vo\u00fbt\u00e9e et ses jardins majestueux, est un v\u00e9ritable havre de paix o\u00f9 chaque d\u00e9tail est pens\u00e9 pour \u00e9veiller les sens. Ici, les vins, issus d\u2019une production respectueuse de l\u2019environnement, expriment \u00e0 merveille la richesse et la diversit\u00e9 du terroir. Laissez-vous s\u00e9duire par une d\u00e9gustation au c\u0153ur des vignes, o\u00f9 chaque gorg\u00e9e est une invitation \u00e0 savourer la beaut\u00e9 et l\u2019authenticit\u00e9 de cette terre ensoleill\u00e9e.<\/p>\n<p>Certaines visites peuvent \u00e9galement inclure des accords mets-vins, o\u00f9 les saveurs locales se marient parfaitement avec les crus d\u00e9gust\u00e9s.<\/p>\n<p>Cette exp\u00e9rience, orchestr\u00e9e sur mesure, vous permettra de d\u00e9couvrir la Provence authentique, celle o\u00f9 le terroir est roi, et o\u00f9 chaque vin raconte une histoire.<\/p>\n<\/div><\/div><\/div><\/div><\/div><\/p>\n","protected":false},"excerpt":{"rendered":"","protected":false},"author":2,"featured_media":3075,"comment_status":"open","ping_status":"open","sticky":false,"template":"","format":"standard","meta":{"_acf_changed":false,"footnotes":""},"categories":[59],"tags":[],"class_list":["post-3054","post","type-post","status-publish","format-standard","has-post-thumbnail","hentry","category-articles"],"acf":[],"yoast_head":"<!-- This site is optimized with the Yoast SEO plugin v27.5 - https:\/\/yoast.com\/product\/yoast-seo-wordpress\/ -->\n<title>Excursions \u00e0 Cannes avec un Chauffeur Priv\u00e9 - Ruby Services<\/title>\n<meta name=\"description\" content=\"Gr\u00e2ce \u00e0 Ruby Services, vous pouvez vivre une journ\u00e9e sur mesure \u00e0 Cannes, o\u00f9 chaque d\u00e9tail est pris en compte pour sublimer votre visite.\" \/>\n<meta name=\"robots\" content=\"index, follow, max-snippet:-1, max-image-preview:large, max-video-preview:-1\" \/>\n<link rel=\"canonical\" href=\"https:\/\/www.ruby-services.com\/fr\/excursions-a-cannes-avec-un-chauffeur-prive\/\" \/>\n<meta property=\"og:locale\" content=\"fr_FR\" \/>\n<meta property=\"og:type\" content=\"article\" \/>\n<meta property=\"og:title\" content=\"Excursions \u00e0 Cannes avec un Chauffeur Priv\u00e9 - Ruby Services\" \/>\n<meta property=\"og:description\" content=\"Gr\u00e2ce \u00e0 Ruby Services, vous pouvez vivre une journ\u00e9e sur mesure \u00e0 Cannes, o\u00f9 chaque d\u00e9tail est pris en compte pour sublimer votre visite.\" \/>\n<meta property=\"og:url\" content=\"https:\/\/www.ruby-services.com\/fr\/excursions-a-cannes-avec-un-chauffeur-prive\/\" \/>\n<meta property=\"og:site_name\" content=\"Ruby Services\" \/>\n<meta property=\"article:published_time\" content=\"2025-06-19T08:06:24+00:00\" \/>\n<meta property=\"article:modified_time\" content=\"2026-04-21T13:58:15+00:00\" \/>\n<meta property=\"og:image\" content=\"https:\/\/www.ruby-services.com\/wp-content\/uploads\/2025\/06\/mise-en-avant-excursions-a-cannes-avec-un-chauffeur-prive-decouverte-de-cannes-chauffeur-prive-a-cannes.webp\" \/>\n\t<meta property=\"og:image:width\" content=\"2440\" \/>\n\t<meta property=\"og:image:height\" content=\"1500\" \/>\n\t<meta property=\"og:image:type\" content=\"image\/webp\" \/>\n<meta name=\"author\" content=\"eozpihgu1156oa3pohae\" \/>\n<meta name=\"twitter:card\" content=\"summary_large_image\" \/>\n<meta name=\"twitter:label1\" content=\"\u00c9crit par\" \/>\n\t<meta name=\"twitter:data1\" content=\"eozpihgu1156oa3pohae\" \/>\n\t<meta name=\"twitter:label2\" content=\"Dur\u00e9e de lecture estim\u00e9e\" \/>\n\t<meta name=\"twitter:data2\" content=\"13 minutes\" \/>\n<script type=\"application\/ld+json\" class=\"yoast-schema-graph\">{\"@context\":\"https:\\\/\\\/schema.org\",\"@graph\":[{\"@type\":\"Article\",\"@id\":\"https:\\\/\\\/www.ruby-services.com\\\/fr\\\/excursions-a-cannes-avec-un-chauffeur-prive\\\/#article\",\"isPartOf\":{\"@id\":\"https:\\\/\\\/www.ruby-services.com\\\/fr\\\/excursions-a-cannes-avec-un-chauffeur-prive\\\/\"},\"author\":{\"name\":\"eozpihgu1156oa3pohae\",\"@id\":\"https:\\\/\\\/www.ruby-services.com\\\/fr\\\/#\\\/schema\\\/person\\\/4ce25a8e51495df923760653367f27d6\"},\"headline\":\"Excursions \u00e0 Cannes avec un Chauffeur Priv\u00e9\",\"datePublished\":\"2025-06-19T08:06:24+00:00\",\"dateModified\":\"2026-04-21T13:58:15+00:00\",\"mainEntityOfPage\":{\"@id\":\"https:\\\/\\\/www.ruby-services.com\\\/fr\\\/excursions-a-cannes-avec-un-chauffeur-prive\\\/\"},\"wordCount\":16277,\"commentCount\":0,\"image\":{\"@id\":\"https:\\\/\\\/www.ruby-services.com\\\/fr\\\/excursions-a-cannes-avec-un-chauffeur-prive\\\/#primaryimage\"},\"thumbnailUrl\":\"https:\\\/\\\/www.ruby-services.com\\\/wp-content\\\/uploads\\\/2025\\\/06\\\/mise-en-avant-excursions-a-cannes-avec-un-chauffeur-prive-decouverte-de-cannes-chauffeur-prive-a-cannes.webp\",\"articleSection\":[\"Articles\"],\"inLanguage\":\"fr-FR\",\"potentialAction\":[{\"@type\":\"CommentAction\",\"name\":\"Comment\",\"target\":[\"https:\\\/\\\/www.ruby-services.com\\\/fr\\\/excursions-a-cannes-avec-un-chauffeur-prive\\\/#respond\"]}]},{\"@type\":\"WebPage\",\"@id\":\"https:\\\/\\\/www.ruby-services.com\\\/fr\\\/excursions-a-cannes-avec-un-chauffeur-prive\\\/\",\"url\":\"https:\\\/\\\/www.ruby-services.com\\\/fr\\\/excursions-a-cannes-avec-un-chauffeur-prive\\\/\",\"name\":\"Excursions \u00e0 Cannes avec un Chauffeur Priv\u00e9 - Ruby Services\",\"isPartOf\":{\"@id\":\"https:\\\/\\\/www.ruby-services.com\\\/fr\\\/#website\"},\"primaryImageOfPage\":{\"@id\":\"https:\\\/\\\/www.ruby-services.com\\\/fr\\\/excursions-a-cannes-avec-un-chauffeur-prive\\\/#primaryimage\"},\"image\":{\"@id\":\"https:\\\/\\\/www.ruby-services.com\\\/fr\\\/excursions-a-cannes-avec-un-chauffeur-prive\\\/#primaryimage\"},\"thumbnailUrl\":\"https:\\\/\\\/www.ruby-services.com\\\/wp-content\\\/uploads\\\/2025\\\/06\\\/mise-en-avant-excursions-a-cannes-avec-un-chauffeur-prive-decouverte-de-cannes-chauffeur-prive-a-cannes.webp\",\"datePublished\":\"2025-06-19T08:06:24+00:00\",\"dateModified\":\"2026-04-21T13:58:15+00:00\",\"author\":{\"@id\":\"https:\\\/\\\/www.ruby-services.com\\\/fr\\\/#\\\/schema\\\/person\\\/4ce25a8e51495df923760653367f27d6\"},\"description\":\"Gr\u00e2ce \u00e0 Ruby Services, vous pouvez vivre une journ\u00e9e sur mesure \u00e0 Cannes, o\u00f9 chaque d\u00e9tail est pris en compte pour sublimer votre visite.\",\"breadcrumb\":{\"@id\":\"https:\\\/\\\/www.ruby-services.com\\\/fr\\\/excursions-a-cannes-avec-un-chauffeur-prive\\\/#breadcrumb\"},\"inLanguage\":\"fr-FR\",\"potentialAction\":[{\"@type\":\"ReadAction\",\"target\":[\"https:\\\/\\\/www.ruby-services.com\\\/fr\\\/excursions-a-cannes-avec-un-chauffeur-prive\\\/\"]}]},{\"@type\":\"ImageObject\",\"inLanguage\":\"fr-FR\",\"@id\":\"https:\\\/\\\/www.ruby-services.com\\\/fr\\\/excursions-a-cannes-avec-un-chauffeur-prive\\\/#primaryimage\",\"url\":\"https:\\\/\\\/www.ruby-services.com\\\/wp-content\\\/uploads\\\/2025\\\/06\\\/mise-en-avant-excursions-a-cannes-avec-un-chauffeur-prive-decouverte-de-cannes-chauffeur-prive-a-cannes.webp\",\"contentUrl\":\"https:\\\/\\\/www.ruby-services.com\\\/wp-content\\\/uploads\\\/2025\\\/06\\\/mise-en-avant-excursions-a-cannes-avec-un-chauffeur-prive-decouverte-de-cannes-chauffeur-prive-a-cannes.webp\",\"width\":2440,\"height\":1500,\"caption\":\"Profil d\u2019un chauffeur professionnel au volant d\u2019une Mercedes Classe S noire longeant la M\u00e9diterran\u00e9e sur une route panoramique bord\u00e9e de murets en pierre. En arri\u00e8re-plan, la mer d\u2019un bleu profond et la v\u00e9g\u00e9tation m\u00e9diterran\u00e9enne soulignent le cadre prestigieux.\"},{\"@type\":\"BreadcrumbList\",\"@id\":\"https:\\\/\\\/www.ruby-services.com\\\/fr\\\/excursions-a-cannes-avec-un-chauffeur-prive\\\/#breadcrumb\",\"itemListElement\":[{\"@type\":\"ListItem\",\"position\":1,\"name\":\"Home\",\"item\":\"https:\\\/\\\/www.ruby-services.com\\\/fr\\\/\"},{\"@type\":\"ListItem\",\"position\":2,\"name\":\"Excursions \u00e0 Cannes avec un Chauffeur Priv\u00e9\"}]},{\"@type\":\"WebSite\",\"@id\":\"https:\\\/\\\/www.ruby-services.com\\\/fr\\\/#website\",\"url\":\"https:\\\/\\\/www.ruby-services.com\\\/fr\\\/\",\"name\":\"Ruby Services\",\"description\":\"\",\"potentialAction\":[{\"@type\":\"SearchAction\",\"target\":{\"@type\":\"EntryPoint\",\"urlTemplate\":\"https:\\\/\\\/www.ruby-services.com\\\/fr\\\/?s={search_term_string}\"},\"query-input\":{\"@type\":\"PropertyValueSpecification\",\"valueRequired\":true,\"valueName\":\"search_term_string\"}}],\"inLanguage\":\"fr-FR\"},{\"@type\":\"Person\",\"@id\":\"https:\\\/\\\/www.ruby-services.com\\\/fr\\\/#\\\/schema\\\/person\\\/4ce25a8e51495df923760653367f27d6\",\"name\":\"eozpihgu1156oa3pohae\",\"sameAs\":[\"https:\\\/\\\/www.ruby-services.com\"]}]}<\/script>\n<!-- \/ Yoast SEO plugin. -->","yoast_head_json":{"title":"Excursions \u00e0 Cannes avec un Chauffeur Priv\u00e9 - Ruby Services","description":"Gr\u00e2ce \u00e0 Ruby Services, vous pouvez vivre une journ\u00e9e sur mesure \u00e0 Cannes, o\u00f9 chaque d\u00e9tail est pris en compte pour sublimer votre visite.","robots":{"index":"index","follow":"follow","max-snippet":"max-snippet:-1","max-image-preview":"max-image-preview:large","max-video-preview":"max-video-preview:-1"},"canonical":"https:\/\/www.ruby-services.com\/fr\/excursions-a-cannes-avec-un-chauffeur-prive\/","og_locale":"fr_FR","og_type":"article","og_title":"Excursions \u00e0 Cannes avec un Chauffeur Priv\u00e9 - Ruby Services","og_description":"Gr\u00e2ce \u00e0 Ruby Services, vous pouvez vivre une journ\u00e9e sur mesure \u00e0 Cannes, o\u00f9 chaque d\u00e9tail est pris en compte pour sublimer votre visite.","og_url":"https:\/\/www.ruby-services.com\/fr\/excursions-a-cannes-avec-un-chauffeur-prive\/","og_site_name":"Ruby Services","article_published_time":"2025-06-19T08:06:24+00:00","article_modified_time":"2026-04-21T13:58:15+00:00","og_image":[{"width":2440,"height":1500,"url":"https:\/\/www.ruby-services.com\/wp-content\/uploads\/2025\/06\/mise-en-avant-excursions-a-cannes-avec-un-chauffeur-prive-decouverte-de-cannes-chauffeur-prive-a-cannes.webp","type":"image\/webp"}],"author":"eozpihgu1156oa3pohae","twitter_card":"summary_large_image","twitter_misc":{"\u00c9crit par":"eozpihgu1156oa3pohae","Dur\u00e9e de lecture estim\u00e9e":"13 minutes"},"schema":{"@context":"https:\/\/schema.org","@graph":[{"@type":"Article","@id":"https:\/\/www.ruby-services.com\/fr\/excursions-a-cannes-avec-un-chauffeur-prive\/#article","isPartOf":{"@id":"https:\/\/www.ruby-services.com\/fr\/excursions-a-cannes-avec-un-chauffeur-prive\/"},"author":{"name":"eozpihgu1156oa3pohae","@id":"https:\/\/www.ruby-services.com\/fr\/#\/schema\/person\/4ce25a8e51495df923760653367f27d6"},"headline":"Excursions \u00e0 Cannes avec un Chauffeur Priv\u00e9","datePublished":"2025-06-19T08:06:24+00:00","dateModified":"2026-04-21T13:58:15+00:00","mainEntityOfPage":{"@id":"https:\/\/www.ruby-services.com\/fr\/excursions-a-cannes-avec-un-chauffeur-prive\/"},"wordCount":16277,"commentCount":0,"image":{"@id":"https:\/\/www.ruby-services.com\/fr\/excursions-a-cannes-avec-un-chauffeur-prive\/#primaryimage"},"thumbnailUrl":"https:\/\/www.ruby-services.com\/wp-content\/uploads\/2025\/06\/mise-en-avant-excursions-a-cannes-avec-un-chauffeur-prive-decouverte-de-cannes-chauffeur-prive-a-cannes.webp","articleSection":["Articles"],"inLanguage":"fr-FR","potentialAction":[{"@type":"CommentAction","name":"Comment","target":["https:\/\/www.ruby-services.com\/fr\/excursions-a-cannes-avec-un-chauffeur-prive\/#respond"]}]},{"@type":"WebPage","@id":"https:\/\/www.ruby-services.com\/fr\/excursions-a-cannes-avec-un-chauffeur-prive\/","url":"https:\/\/www.ruby-services.com\/fr\/excursions-a-cannes-avec-un-chauffeur-prive\/","name":"Excursions \u00e0 Cannes avec un Chauffeur Priv\u00e9 - Ruby Services","isPartOf":{"@id":"https:\/\/www.ruby-services.com\/fr\/#website"},"primaryImageOfPage":{"@id":"https:\/\/www.ruby-services.com\/fr\/excursions-a-cannes-avec-un-chauffeur-prive\/#primaryimage"},"image":{"@id":"https:\/\/www.ruby-services.com\/fr\/excursions-a-cannes-avec-un-chauffeur-prive\/#primaryimage"},"thumbnailUrl":"https:\/\/www.ruby-services.com\/wp-content\/uploads\/2025\/06\/mise-en-avant-excursions-a-cannes-avec-un-chauffeur-prive-decouverte-de-cannes-chauffeur-prive-a-cannes.webp","datePublished":"2025-06-19T08:06:24+00:00","dateModified":"2026-04-21T13:58:15+00:00","author":{"@id":"https:\/\/www.ruby-services.com\/fr\/#\/schema\/person\/4ce25a8e51495df923760653367f27d6"},"description":"Gr\u00e2ce \u00e0 Ruby Services, vous pouvez vivre une journ\u00e9e sur mesure \u00e0 Cannes, o\u00f9 chaque d\u00e9tail est pris en compte pour sublimer votre visite.","breadcrumb":{"@id":"https:\/\/www.ruby-services.com\/fr\/excursions-a-cannes-avec-un-chauffeur-prive\/#breadcrumb"},"inLanguage":"fr-FR","potentialAction":[{"@type":"ReadAction","target":["https:\/\/www.ruby-services.com\/fr\/excursions-a-cannes-avec-un-chauffeur-prive\/"]}]},{"@type":"ImageObject","inLanguage":"fr-FR","@id":"https:\/\/www.ruby-services.com\/fr\/excursions-a-cannes-avec-un-chauffeur-prive\/#primaryimage","url":"https:\/\/www.ruby-services.com\/wp-content\/uploads\/2025\/06\/mise-en-avant-excursions-a-cannes-avec-un-chauffeur-prive-decouverte-de-cannes-chauffeur-prive-a-cannes.webp","contentUrl":"https:\/\/www.ruby-services.com\/wp-content\/uploads\/2025\/06\/mise-en-avant-excursions-a-cannes-avec-un-chauffeur-prive-decouverte-de-cannes-chauffeur-prive-a-cannes.webp","width":2440,"height":1500,"caption":"Profil d\u2019un chauffeur professionnel au volant d\u2019une Mercedes Classe S noire longeant la M\u00e9diterran\u00e9e sur une route panoramique bord\u00e9e de murets en pierre. En arri\u00e8re-plan, la mer d\u2019un bleu profond et la v\u00e9g\u00e9tation m\u00e9diterran\u00e9enne soulignent le cadre prestigieux."},{"@type":"BreadcrumbList","@id":"https:\/\/www.ruby-services.com\/fr\/excursions-a-cannes-avec-un-chauffeur-prive\/#breadcrumb","itemListElement":[{"@type":"ListItem","position":1,"name":"Home","item":"https:\/\/www.ruby-services.com\/fr\/"},{"@type":"ListItem","position":2,"name":"Excursions \u00e0 Cannes avec un Chauffeur Priv\u00e9"}]},{"@type":"WebSite","@id":"https:\/\/www.ruby-services.com\/fr\/#website","url":"https:\/\/www.ruby-services.com\/fr\/","name":"Ruby Services","description":"","potentialAction":[{"@type":"SearchAction","target":{"@type":"EntryPoint","urlTemplate":"https:\/\/www.ruby-services.com\/fr\/?s={search_term_string}"},"query-input":{"@type":"PropertyValueSpecification","valueRequired":true,"valueName":"search_term_string"}}],"inLanguage":"fr-FR"},{"@type":"Person","@id":"https:\/\/www.ruby-services.com\/fr\/#\/schema\/person\/4ce25a8e51495df923760653367f27d6","name":"eozpihgu1156oa3pohae","sameAs":["https:\/\/www.ruby-services.com"]}]}},"_links":{"self":[{"href":"https:\/\/www.ruby-services.com\/fr\/wp-json\/wp\/v2\/posts\/3054","targetHints":{"allow":["GET"]}}],"collection":[{"href":"https:\/\/www.ruby-services.com\/fr\/wp-json\/wp\/v2\/posts"}],"about":[{"href":"https:\/\/www.ruby-services.com\/fr\/wp-json\/wp\/v2\/types\/post"}],"author":[{"embeddable":true,"href":"https:\/\/www.ruby-services.com\/fr\/wp-json\/wp\/v2\/users\/2"}],"replies":[{"embeddable":true,"href":"https:\/\/www.ruby-services.com\/fr\/wp-json\/wp\/v2\/comments?post=3054"}],"version-history":[{"count":3,"href":"https:\/\/www.ruby-services.com\/fr\/wp-json\/wp\/v2\/posts\/3054\/revisions"}],"predecessor-version":[{"id":8956,"href":"https:\/\/www.ruby-services.com\/fr\/wp-json\/wp\/v2\/posts\/3054\/revisions\/8956"}],"wp:featuredmedia":[{"embeddable":true,"href":"https:\/\/www.ruby-services.com\/fr\/wp-json\/wp\/v2\/media\/3075"}],"wp:attachment":[{"href":"https:\/\/www.ruby-services.com\/fr\/wp-json\/wp\/v2\/media?parent=3054"}],"wp:term":[{"taxonomy":"category","embeddable":true,"href":"https:\/\/www.ruby-services.com\/fr\/wp-json\/wp\/v2\/categories?post=3054"},{"taxonomy":"post_tag","embeddable":true,"href":"https:\/\/www.ruby-services.com\/fr\/wp-json\/wp\/v2\/tags?post=3054"}],"curies":[{"name":"wp","href":"https:\/\/api.w.org\/{rel}","templated":true}]}}